{"id":8605,"date":"2023-03-07T14:54:03","date_gmt":"2023-03-07T13:54:03","guid":{"rendered":"https:\/\/www.cedreetrondins.com\/uncategorized\/chambres-dhotes-les-bouts-de-ralle-dans-la-sarthe\/"},"modified":"2023-03-23T19:03:40","modified_gmt":"2023-03-23T18:03:40","slug":"bed-and-breakfast-les-bouts-de-ralle","status":"publish","type":"post","link":"https:\/\/www.cedreetrondins.com\/en\/they-trust-us\/bed-and-breakfast-les-bouts-de-ralle\/","title":{"rendered":"Bed and Breakfast Les Bouts de Rall\u00e9 in Sarthe"},"content":{"rendered":"<h2>Bed and Breakfast Les Bouts de Rall\u00e9 in Sarthe in Sainte Osmane (72120) &#8211; FRANCE<\/h2>\n<p><!--more--><\/p>\n<div id=\"stacks_out_63_page0\" class=\"stacks_out\">\n<div id=\"stacks_in_63_page0\" class=\"stacks_in text_stack\">\n<p><strong>Bed and Breakfast Les Bouts de Rall\u00e9 in Sarthe<\/strong> welcomes you to a beautifully restored farmhouse near Le Mans, Sarthe.<\/p>\n<p>Les Bouts Rall\u00e9 is a guest house with three bedrooms, located near the village of Sainte-Osmane 40 minutes south-east of Le Mans and 50 minutes north-west of Tours. The farmhouse, nicely renovated, is located in the middle of a 5,600m2 park with private access to a closed courtyard.<\/p>\n<p>Their charming owners offer you three double bedrooms with private bathrooms, one of which has its own staircase and balcony.<\/p>\n<\/div>\n<\/div>\n<p style=\"text-align: center;\"><a href=\"http:\/\/www.lesbouts.fr\/\" target=\"_blank\" rel=\"noopener noreferrer\"><img decoding=\"async\" class=\"alignnone wp-image-5678\" src=\"https:\/\/www.cedreetrondins.com\/wp-content\/uploads\/2018\/01\/en-savoir-plus.png\" alt=\"en savoir plus\" width=\"67\" height=\"67\" srcset=\"https:\/\/www.cedreetrondins.com\/wp-content\/uploads\/2018\/01\/en-savoir-plus.png 150w, https:\/\/www.cedreetrondins.com\/wp-content\/uploads\/2018\/01\/en-savoir-plus-100x100.png 100w, https:\/\/www.cedreetrondins.com\/wp-content\/uploads\/2018\/01\/en-savoir-plus-24x24.png 24w, https:\/\/www.cedreetrondins.com\/wp-content\/uploads\/2018\/01\/en-savoir-plus-36x36.png 36w, https:\/\/www.cedreetrondins.com\/wp-content\/uploads\/2018\/01\/en-savoir-plus-48x48.png 48w\" sizes=\"(max-width: 67px) 100vw, 67px\" \/><\/a><\/p>\n<p style=\"text-align: center;\">\n","protected":false},"excerpt":{"rendered":"<p>Bed and Breakfast Les Bouts de Rall\u00e9 in Sarthe in Sainte Osmane (72120) &#8211; FRANCE<\/p>\n","protected":false},"author":2,"featured_media":17082,"comment_status":"closed","ping_status":"open","sticky":false,"template":"","format":"standard","meta":{"_acf_changed":false,"footnotes":""},"categories":[444],"tags":[],"class_list":["post-8605","post","type-post","status-publish","format-standard","has-post-thumbnail","hentry","category-they-trust-us"],"acf":[],"yoast_head":"<!-- This site is optimized with the Yoast SEO plugin v27.5 - https:\/\/yoast.com\/product\/yoast-seo-wordpress\/ -->\n<title>Bed and Breakfast Les Bouts de Rall\u00e9 in Sarthe - C\u00e8dre &amp; Rondins<\/title>\n<meta name=\"description\" content=\"The Bed and Breakfast Les Bouts de Rall\u00e9 in the Sarthe have chosen natural Cedar &amp; Logs furniture to furnish their beautiful residence.\" \/>\n<meta name=\"robots\" content=\"index, follow, max-snippet:-1, max-image-preview:large, max-video-preview:-1\" \/>\n<link rel=\"canonical\" href=\"https:\/\/www.cedreetrondins.com\/en\/they-trust-us\/bed-and-breakfast-les-bouts-de-ralle\/\" \/>\n<meta property=\"og:locale\" content=\"en_US\" \/>\n<meta property=\"og:type\" content=\"article\" \/>\n<meta property=\"og:title\" content=\"Bed and Breakfast Les Bouts de Rall\u00e9 in Sarthe - C\u00e8dre &amp; Rondins\" \/>\n<meta property=\"og:description\" content=\"The Bed and Breakfast Les Bouts de Rall\u00e9 in the Sarthe have chosen natural Cedar &amp; Logs furniture to furnish their beautiful residence.\" \/>\n<meta property=\"og:url\" content=\"https:\/\/www.cedreetrondins.com\/en\/they-trust-us\/bed-and-breakfast-les-bouts-de-ralle\/\" \/>\n<meta property=\"og:site_name\" content=\"C\u00e8dre &amp; Rondins\" \/>\n<meta property=\"article:author\" content=\"https:\/\/www.facebook.com\/CEDREETRONDINS\/\" \/>\n<meta property=\"article:published_time\" content=\"2023-03-07T13:54:03+00:00\" \/>\n<meta property=\"article:modified_time\" content=\"2023-03-23T18:03:40+00:00\" \/>\n<meta property=\"og:image\" content=\"https:\/\/www.cedreetrondins.com\/wp-content\/uploads\/2017\/09\/les-bouts-de-ralle.png\" \/>\n\t<meta property=\"og:image:width\" content=\"200\" \/>\n\t<meta property=\"og:image:height\" content=\"200\" \/>\n\t<meta property=\"og:image:type\" content=\"image\/png\" \/>\n<meta name=\"author\" content=\"C\u00e8dre et Rondins\" \/>\n<meta name=\"twitter:card\" content=\"summary_large_image\" \/>\n<meta name=\"twitter:label1\" content=\"Written by\" \/>\n\t<meta name=\"twitter:data1\" content=\"C\u00e8dre et Rondins\" \/>\n\t<meta name=\"twitter:label2\" content=\"Est. reading time\" \/>\n\t<meta name=\"twitter:data2\" content=\"1 minute\" \/>\n<script type=\"application\/ld+json\" class=\"yoast-schema-graph\">{\"@context\":\"https:\\\/\\\/schema.org\",\"@graph\":[{\"@type\":\"Article\",\"@id\":\"https:\\\/\\\/www.cedreetrondins.com\\\/en\\\/they-trust-us\\\/bed-and-breakfast-les-bouts-de-ralle\\\/#article\",\"isPartOf\":{\"@id\":\"https:\\\/\\\/www.cedreetrondins.com\\\/en\\\/they-trust-us\\\/bed-and-breakfast-les-bouts-de-ralle\\\/\"},\"author\":{\"name\":\"C\u00e8dre et Rondins\",\"@id\":\"https:\\\/\\\/www.cedreetrondins.com\\\/#\\\/schema\\\/person\\\/078d3129e67c9b3ccfb4d6b474b19503\"},\"headline\":\"Bed and Breakfast Les Bouts de Rall\u00e9 in Sarthe\",\"datePublished\":\"2023-03-07T13:54:03+00:00\",\"dateModified\":\"2023-03-23T18:03:40+00:00\",\"mainEntityOfPage\":{\"@id\":\"https:\\\/\\\/www.cedreetrondins.com\\\/en\\\/they-trust-us\\\/bed-and-breakfast-les-bouts-de-ralle\\\/\"},\"wordCount\":109,\"publisher\":{\"@id\":\"https:\\\/\\\/www.cedreetrondins.com\\\/#organization\"},\"image\":{\"@id\":\"https:\\\/\\\/www.cedreetrondins.com\\\/en\\\/they-trust-us\\\/bed-and-breakfast-les-bouts-de-ralle\\\/#primaryimage\"},\"thumbnailUrl\":\"https:\\\/\\\/www.cedreetrondins.com\\\/wp-content\\\/uploads\\\/2019\\\/03\\\/les-bouts-de-ralle.png\",\"articleSection\":[\"They trust us\"],\"inLanguage\":\"en-US\"},{\"@type\":\"WebPage\",\"@id\":\"https:\\\/\\\/www.cedreetrondins.com\\\/en\\\/they-trust-us\\\/bed-and-breakfast-les-bouts-de-ralle\\\/\",\"url\":\"https:\\\/\\\/www.cedreetrondins.com\\\/en\\\/they-trust-us\\\/bed-and-breakfast-les-bouts-de-ralle\\\/\",\"name\":\"Bed and Breakfast Les Bouts de Rall\u00e9 in Sarthe - C\u00e8dre &amp; Rondins\",\"isPartOf\":{\"@id\":\"https:\\\/\\\/www.cedreetrondins.com\\\/#website\"},\"primaryImageOfPage\":{\"@id\":\"https:\\\/\\\/www.cedreetrondins.com\\\/en\\\/they-trust-us\\\/bed-and-breakfast-les-bouts-de-ralle\\\/#primaryimage\"},\"image\":{\"@id\":\"https:\\\/\\\/www.cedreetrondins.com\\\/en\\\/they-trust-us\\\/bed-and-breakfast-les-bouts-de-ralle\\\/#primaryimage\"},\"thumbnailUrl\":\"https:\\\/\\\/www.cedreetrondins.com\\\/wp-content\\\/uploads\\\/2019\\\/03\\\/les-bouts-de-ralle.png\",\"datePublished\":\"2023-03-07T13:54:03+00:00\",\"dateModified\":\"2023-03-23T18:03:40+00:00\",\"description\":\"The Bed and Breakfast Les Bouts de Rall\u00e9 in the Sarthe have chosen natural Cedar & Logs furniture to furnish their beautiful residence.\",\"breadcrumb\":{\"@id\":\"https:\\\/\\\/www.cedreetrondins.com\\\/en\\\/they-trust-us\\\/bed-and-breakfast-les-bouts-de-ralle\\\/#breadcrumb\"},\"inLanguage\":\"en-US\",\"potentialAction\":[{\"@type\":\"ReadAction\",\"target\":[\"https:\\\/\\\/www.cedreetrondins.com\\\/en\\\/they-trust-us\\\/bed-and-breakfast-les-bouts-de-ralle\\\/\"]}]},{\"@type\":\"ImageObject\",\"inLanguage\":\"en-US\",\"@id\":\"https:\\\/\\\/www.cedreetrondins.com\\\/en\\\/they-trust-us\\\/bed-and-breakfast-les-bouts-de-ralle\\\/#primaryimage\",\"url\":\"https:\\\/\\\/www.cedreetrondins.com\\\/wp-content\\\/uploads\\\/2019\\\/03\\\/les-bouts-de-ralle.png\",\"contentUrl\":\"https:\\\/\\\/www.cedreetrondins.com\\\/wp-content\\\/uploads\\\/2019\\\/03\\\/les-bouts-de-ralle.png\",\"width\":210,\"height\":210,\"caption\":\"les-bouts-de-ralle\"},{\"@type\":\"BreadcrumbList\",\"@id\":\"https:\\\/\\\/www.cedreetrondins.com\\\/en\\\/they-trust-us\\\/bed-and-breakfast-les-bouts-de-ralle\\\/#breadcrumb\",\"itemListElement\":[{\"@type\":\"ListItem\",\"position\":1,\"name\":\"Home\",\"item\":\"https:\\\/\\\/www.cedreetrondins.com\\\/\"},{\"@type\":\"ListItem\",\"position\":2,\"name\":\"Nos garanties\",\"item\":\"https:\\\/\\\/www.cedreetrondins.com\\\/category\\\/nos-garanties\\\/\"},{\"@type\":\"ListItem\",\"position\":3,\"name\":\"Ils nous font confiance\",\"item\":\"https:\\\/\\\/www.cedreetrondins.com\\\/category\\\/nos-garanties\\\/ils-nous-font-confiance\\\/\"},{\"@type\":\"ListItem\",\"position\":4,\"name\":\"Bed and Breakfast Les Bouts de Rall\u00e9 in Sarthe\"}]},{\"@type\":\"WebSite\",\"@id\":\"https:\\\/\\\/www.cedreetrondins.com\\\/#website\",\"url\":\"https:\\\/\\\/www.cedreetrondins.com\\\/\",\"name\":\"C\u00e8dre &amp; Rondins\",\"description\":\"Mobilier en bois naturel\",\"publisher\":{\"@id\":\"https:\\\/\\\/www.cedreetrondins.com\\\/#organization\"},\"potentialAction\":[{\"@type\":\"SearchAction\",\"target\":{\"@type\":\"EntryPoint\",\"urlTemplate\":\"https:\\\/\\\/www.cedreetrondins.com\\\/?s={search_term_string}\"},\"query-input\":{\"@type\":\"PropertyValueSpecification\",\"valueRequired\":true,\"valueName\":\"search_term_string\"}}],\"inLanguage\":\"en-US\"},{\"@type\":\"Organization\",\"@id\":\"https:\\\/\\\/www.cedreetrondins.com\\\/#organization\",\"name\":\"C\u00e8dre &amp; Rondins\",\"url\":\"https:\\\/\\\/www.cedreetrondins.com\\\/\",\"logo\":{\"@type\":\"ImageObject\",\"inLanguage\":\"en-US\",\"@id\":\"https:\\\/\\\/www.cedreetrondins.com\\\/#\\\/schema\\\/logo\\\/image\\\/\",\"url\":\"https:\\\/\\\/www.cedreetrondins.com\\\/wp-content\\\/uploads\\\/2025\\\/01\\\/cropped-logo-cedre-et-rondins-2025-le-canada-sinvite-chez-vous-1.png\",\"contentUrl\":\"https:\\\/\\\/www.cedreetrondins.com\\\/wp-content\\\/uploads\\\/2025\\\/01\\\/cropped-logo-cedre-et-rondins-2025-le-canada-sinvite-chez-vous-1.png\",\"width\":240,\"height\":138,\"caption\":\"C\u00e8dre &amp; Rondins\"},\"image\":{\"@id\":\"https:\\\/\\\/www.cedreetrondins.com\\\/#\\\/schema\\\/logo\\\/image\\\/\"}},{\"@type\":\"Person\",\"@id\":\"https:\\\/\\\/www.cedreetrondins.com\\\/#\\\/schema\\\/person\\\/078d3129e67c9b3ccfb4d6b474b19503\",\"name\":\"C\u00e8dre et Rondins\",\"image\":{\"@type\":\"ImageObject\",\"inLanguage\":\"en-US\",\"@id\":\"https:\\\/\\\/secure.gravatar.com\\\/avatar\\\/4679403e0ee5afa283b5a39dc053f8d5a455bc4ad44fe2c518c38bbe3e476d98?s=96&d=mm&r=g\",\"url\":\"https:\\\/\\\/secure.gravatar.com\\\/avatar\\\/4679403e0ee5afa283b5a39dc053f8d5a455bc4ad44fe2c518c38bbe3e476d98?s=96&d=mm&r=g\",\"contentUrl\":\"https:\\\/\\\/secure.gravatar.com\\\/avatar\\\/4679403e0ee5afa283b5a39dc053f8d5a455bc4ad44fe2c518c38bbe3e476d98?s=96&d=mm&r=g\",\"caption\":\"C\u00e8dre et Rondins\"},\"description\":\"C\u00e8dre &amp; Rondins, entreprise Fran\u00e7aise, vous propose une collection compl\u00e8te de mobilier en bois massif, 100% C\u00e8dre Blanc du Canada, pour l'am\u00e9nagement de vos espaces ext\u00e9rieurs ET int\u00e9rieurs. Le c\u00e8dre blanc est un bois tr\u00e8s durable - Norme EN350 - non trait\u00e9 mais imputrescible vous garantissant un investissement durable sur le long terme et une satisfaction d'usage. Sa certification Rainforest Alliance vous assure une d\u00e9marche \u00e9co-responsable. D\u00e9couvrez la gamme Rondins et la gamme Adirondack. Ce mobilier original vous permet de cr\u00e9er des ambiances harmonieuses et chaleureuses en associant selon vos choix les fauteuils, canap\u00e9s, tables basses, bancs, tables repas, mobilier de bar et Adirondack, etc ... Stock en France Livraison GRATUITE en France m\u00e9tropolitaine - hors Corse Le C\u00e8dre Blanc, Un Choix tout Naturel !\",\"sameAs\":[\"https:\\\/\\\/www.cedreetrondins.com\\\/\",\"https:\\\/\\\/www.facebook.com\\\/CEDREETRONDINS\\\/\",\"https:\\\/\\\/www.instagram.com\\\/cedre.et.rondins\\\/\",\"https:\\\/\\\/www.linkedin.com\\\/company\\\/cdre-rondins\\\/?viewAsMember=true\",\"https:\\\/\\\/www.pinterest.fr\\\/cedreetrondins\\\/\"]}]}<\/script>\n<!-- \/ Yoast SEO plugin. -->","yoast_head_json":{"title":"Bed and Breakfast Les Bouts de Rall\u00e9 in Sarthe - C\u00e8dre &amp; Rondins","description":"The Bed and Breakfast Les Bouts de Rall\u00e9 in the Sarthe have chosen natural Cedar & Logs furniture to furnish their beautiful residence.","robots":{"index":"index","follow":"follow","max-snippet":"max-snippet:-1","max-image-preview":"max-image-preview:large","max-video-preview":"max-video-preview:-1"},"canonical":"https:\/\/www.cedreetrondins.com\/en\/they-trust-us\/bed-and-breakfast-les-bouts-de-ralle\/","og_locale":"en_US","og_type":"article","og_title":"Bed and Breakfast Les Bouts de Rall\u00e9 in Sarthe - C\u00e8dre &amp; Rondins","og_description":"The Bed and Breakfast Les Bouts de Rall\u00e9 in the Sarthe have chosen natural Cedar & Logs furniture to furnish their beautiful residence.","og_url":"https:\/\/www.cedreetrondins.com\/en\/they-trust-us\/bed-and-breakfast-les-bouts-de-ralle\/","og_site_name":"C\u00e8dre &amp; Rondins","article_author":"https:\/\/www.facebook.com\/CEDREETRONDINS\/","article_published_time":"2023-03-07T13:54:03+00:00","article_modified_time":"2023-03-23T18:03:40+00:00","og_image":[{"width":200,"height":200,"url":"https:\/\/www.cedreetrondins.com\/wp-content\/uploads\/2017\/09\/les-bouts-de-ralle.png","type":"image\/png"}],"author":"C\u00e8dre et Rondins","twitter_card":"summary_large_image","twitter_misc":{"Written by":"C\u00e8dre et Rondins","Est. reading time":"1 minute"},"schema":{"@context":"https:\/\/schema.org","@graph":[{"@type":"Article","@id":"https:\/\/www.cedreetrondins.com\/en\/they-trust-us\/bed-and-breakfast-les-bouts-de-ralle\/#article","isPartOf":{"@id":"https:\/\/www.cedreetrondins.com\/en\/they-trust-us\/bed-and-breakfast-les-bouts-de-ralle\/"},"author":{"name":"C\u00e8dre et Rondins","@id":"https:\/\/www.cedreetrondins.com\/#\/schema\/person\/078d3129e67c9b3ccfb4d6b474b19503"},"headline":"Bed and Breakfast Les Bouts de Rall\u00e9 in Sarthe","datePublished":"2023-03-07T13:54:03+00:00","dateModified":"2023-03-23T18:03:40+00:00","mainEntityOfPage":{"@id":"https:\/\/www.cedreetrondins.com\/en\/they-trust-us\/bed-and-breakfast-les-bouts-de-ralle\/"},"wordCount":109,"publisher":{"@id":"https:\/\/www.cedreetrondins.com\/#organization"},"image":{"@id":"https:\/\/www.cedreetrondins.com\/en\/they-trust-us\/bed-and-breakfast-les-bouts-de-ralle\/#primaryimage"},"thumbnailUrl":"https:\/\/www.cedreetrondins.com\/wp-content\/uploads\/2019\/03\/les-bouts-de-ralle.png","articleSection":["They trust us"],"inLanguage":"en-US"},{"@type":"WebPage","@id":"https:\/\/www.cedreetrondins.com\/en\/they-trust-us\/bed-and-breakfast-les-bouts-de-ralle\/","url":"https:\/\/www.cedreetrondins.com\/en\/they-trust-us\/bed-and-breakfast-les-bouts-de-ralle\/","name":"Bed and Breakfast Les Bouts de Rall\u00e9 in Sarthe - C\u00e8dre &amp; Rondins","isPartOf":{"@id":"https:\/\/www.cedreetrondins.com\/#website"},"primaryImageOfPage":{"@id":"https:\/\/www.cedreetrondins.com\/en\/they-trust-us\/bed-and-breakfast-les-bouts-de-ralle\/#primaryimage"},"image":{"@id":"https:\/\/www.cedreetrondins.com\/en\/they-trust-us\/bed-and-breakfast-les-bouts-de-ralle\/#primaryimage"},"thumbnailUrl":"https:\/\/www.cedreetrondins.com\/wp-content\/uploads\/2019\/03\/les-bouts-de-ralle.png","datePublished":"2023-03-07T13:54:03+00:00","dateModified":"2023-03-23T18:03:40+00:00","description":"The Bed and Breakfast Les Bouts de Rall\u00e9 in the Sarthe have chosen natural Cedar & Logs furniture to furnish their beautiful residence.","breadcrumb":{"@id":"https:\/\/www.cedreetrondins.com\/en\/they-trust-us\/bed-and-breakfast-les-bouts-de-ralle\/#breadcrumb"},"inLanguage":"en-US","potentialAction":[{"@type":"ReadAction","target":["https:\/\/www.cedreetrondins.com\/en\/they-trust-us\/bed-and-breakfast-les-bouts-de-ralle\/"]}]},{"@type":"ImageObject","inLanguage":"en-US","@id":"https:\/\/www.cedreetrondins.com\/en\/they-trust-us\/bed-and-breakfast-les-bouts-de-ralle\/#primaryimage","url":"https:\/\/www.cedreetrondins.com\/wp-content\/uploads\/2019\/03\/les-bouts-de-ralle.png","contentUrl":"https:\/\/www.cedreetrondins.com\/wp-content\/uploads\/2019\/03\/les-bouts-de-ralle.png","width":210,"height":210,"caption":"les-bouts-de-ralle"},{"@type":"BreadcrumbList","@id":"https:\/\/www.cedreetrondins.com\/en\/they-trust-us\/bed-and-breakfast-les-bouts-de-ralle\/#breadcrumb","itemListElement":[{"@type":"ListItem","position":1,"name":"Home","item":"https:\/\/www.cedreetrondins.com\/"},{"@type":"ListItem","position":2,"name":"Nos garanties","item":"https:\/\/www.cedreetrondins.com\/category\/nos-garanties\/"},{"@type":"ListItem","position":3,"name":"Ils nous font confiance","item":"https:\/\/www.cedreetrondins.com\/category\/nos-garanties\/ils-nous-font-confiance\/"},{"@type":"ListItem","position":4,"name":"Bed and Breakfast Les Bouts de Rall\u00e9 in Sarthe"}]},{"@type":"WebSite","@id":"https:\/\/www.cedreetrondins.com\/#website","url":"https:\/\/www.cedreetrondins.com\/","name":"C\u00e8dre &amp; Rondins","description":"Mobilier en bois naturel","publisher":{"@id":"https:\/\/www.cedreetrondins.com\/#organization"},"potentialAction":[{"@type":"SearchAction","target":{"@type":"EntryPoint","urlTemplate":"https:\/\/www.cedreetrondins.com\/?s={search_term_string}"},"query-input":{"@type":"PropertyValueSpecification","valueRequired":true,"valueName":"search_term_string"}}],"inLanguage":"en-US"},{"@type":"Organization","@id":"https:\/\/www.cedreetrondins.com\/#organization","name":"C\u00e8dre &amp; Rondins","url":"https:\/\/www.cedreetrondins.com\/","logo":{"@type":"ImageObject","inLanguage":"en-US","@id":"https:\/\/www.cedreetrondins.com\/#\/schema\/logo\/image\/","url":"https:\/\/www.cedreetrondins.com\/wp-content\/uploads\/2025\/01\/cropped-logo-cedre-et-rondins-2025-le-canada-sinvite-chez-vous-1.png","contentUrl":"https:\/\/www.cedreetrondins.com\/wp-content\/uploads\/2025\/01\/cropped-logo-cedre-et-rondins-2025-le-canada-sinvite-chez-vous-1.png","width":240,"height":138,"caption":"C\u00e8dre &amp; Rondins"},"image":{"@id":"https:\/\/www.cedreetrondins.com\/#\/schema\/logo\/image\/"}},{"@type":"Person","@id":"https:\/\/www.cedreetrondins.com\/#\/schema\/person\/078d3129e67c9b3ccfb4d6b474b19503","name":"C\u00e8dre et Rondins","image":{"@type":"ImageObject","inLanguage":"en-US","@id":"https:\/\/secure.gravatar.com\/avatar\/4679403e0ee5afa283b5a39dc053f8d5a455bc4ad44fe2c518c38bbe3e476d98?s=96&d=mm&r=g","url":"https:\/\/secure.gravatar.com\/avatar\/4679403e0ee5afa283b5a39dc053f8d5a455bc4ad44fe2c518c38bbe3e476d98?s=96&d=mm&r=g","contentUrl":"https:\/\/secure.gravatar.com\/avatar\/4679403e0ee5afa283b5a39dc053f8d5a455bc4ad44fe2c518c38bbe3e476d98?s=96&d=mm&r=g","caption":"C\u00e8dre et Rondins"},"description":"C\u00e8dre &amp; Rondins, entreprise Fran\u00e7aise, vous propose une collection compl\u00e8te de mobilier en bois massif, 100% C\u00e8dre Blanc du Canada, pour l'am\u00e9nagement de vos espaces ext\u00e9rieurs ET int\u00e9rieurs. Le c\u00e8dre blanc est un bois tr\u00e8s durable - Norme EN350 - non trait\u00e9 mais imputrescible vous garantissant un investissement durable sur le long terme et une satisfaction d'usage. Sa certification Rainforest Alliance vous assure une d\u00e9marche \u00e9co-responsable. D\u00e9couvrez la gamme Rondins et la gamme Adirondack. Ce mobilier original vous permet de cr\u00e9er des ambiances harmonieuses et chaleureuses en associant selon vos choix les fauteuils, canap\u00e9s, tables basses, bancs, tables repas, mobilier de bar et Adirondack, etc ... Stock en France Livraison GRATUITE en France m\u00e9tropolitaine - hors Corse Le C\u00e8dre Blanc, Un Choix tout Naturel !","sameAs":["https:\/\/www.cedreetrondins.com\/","https:\/\/www.facebook.com\/CEDREETRONDINS\/","https:\/\/www.instagram.com\/cedre.et.rondins\/","https:\/\/www.linkedin.com\/company\/cdre-rondins\/?viewAsMember=true","https:\/\/www.pinterest.fr\/cedreetrondins\/"]}]}},"_links":{"self":[{"href":"https:\/\/www.cedreetrondins.com\/en\/wp-json\/wp\/v2\/posts\/8605","targetHints":{"allow":["GET"]}}],"collection":[{"href":"https:\/\/www.cedreetrondins.com\/en\/wp-json\/wp\/v2\/posts"}],"about":[{"href":"https:\/\/www.cedreetrondins.com\/en\/wp-json\/wp\/v2\/types\/post"}],"author":[{"embeddable":true,"href":"https:\/\/www.cedreetrondins.com\/en\/wp-json\/wp\/v2\/users\/2"}],"replies":[{"embeddable":true,"href":"https:\/\/www.cedreetrondins.com\/en\/wp-json\/wp\/v2\/comments?post=8605"}],"version-history":[{"count":0,"href":"https:\/\/www.cedreetrondins.com\/en\/wp-json\/wp\/v2\/posts\/8605\/revisions"}],"wp:featuredmedia":[{"embeddable":true,"href":"https:\/\/www.cedreetrondins.com\/en\/wp-json\/wp\/v2\/media\/17082"}],"wp:attachment":[{"href":"https:\/\/www.cedreetrondins.com\/en\/wp-json\/wp\/v2\/media?parent=8605"}],"wp:term":[{"taxonomy":"category","embeddable":true,"href":"https:\/\/www.cedreetrondins.com\/en\/wp-json\/wp\/v2\/categories?post=8605"},{"taxonomy":"post_tag","embeddable":true,"href":"https:\/\/www.cedreetrondins.com\/en\/wp-json\/wp\/v2\/tags?post=8605"}],"curies":[{"name":"wp","href":"https:\/\/api.w.org\/{rel}","templated":true}]}}