{"id":6482,"date":"2017-05-23T15:31:41","date_gmt":"2017-05-23T13:31:41","guid":{"rendered":"https:\/\/www.cedreetrondins.com\/?p=6482"},"modified":"2018-06-18T10:54:56","modified_gmt":"2018-06-18T08:54:56","slug":"du-7-au-9-novembre-2017","status":"publish","type":"post","link":"https:\/\/www.cedreetrondins.com\/en\/our-news\/our-events-and-shows\/du-7-au-9-novembre-2017\/","title":{"rendered":"Du 7 au 9 NOVEMBRE 2017"},"content":{"rendered":"<h2 style=\"text-align: center;\"><strong>Salon SETT 2017\u00a0<\/strong><\/h2>\n<h3><\/h3>\n<h3 id=\"js_50c\" class=\"_5pbx userContent\" style=\"text-align: center;\" data-ft=\"{&quot;tn&quot;:&quot;K&quot;}\">Salon Professionnel des Equipements du Tourisme<\/h3>\n<h3 class=\"_5pbx userContent\" style=\"text-align: center;\" data-ft=\"{&quot;tn&quot;:&quot;K&quot;}\">Parc Exposition de Montpellier (34)<\/h3>\n<h3 class=\"_5pbx userContent\" style=\"text-align: center;\" data-ft=\"{&quot;tn&quot;:&quot;K&quot;}\">Du mardi 7 au jeudi 9 novembre 2017<\/h3>\n<h3 class=\"_5pbx userContent\" style=\"text-align: center;\" data-ft=\"{&quot;tn&quot;:&quot;K&quot;}\">C\u00e8dre &amp; Rondins participe \u00e0 la 39\u00e8me \u00e9dition du SETT<\/h3>\n<h3 class=\"_5pbx userContent\" style=\"text-align: center;\" data-ft=\"{&quot;tn&quot;:&quot;K&quot;}\">Rendez-vous HALL A4 &#8211; All\u00e9e A &#8211; Stand 5<\/h3>\n<p style=\"text-align: center;\"><a href=\"http:\/\/www.salonsett.com\/fr\/\" target=\"_blank\" rel=\"noopener\"><img loading=\"lazy\" decoding=\"async\" class=\"alignnone wp-image-253\" src=\"https:\/\/www.cedreetrondins.com\/wp-content\/uploads\/2017\/08\/en-savoir-plus.png\" alt=\"en savoir plus c\u00e8dre &amp; rondins\" width=\"84\" height=\"84\" srcset=\"https:\/\/www.cedreetrondins.com\/wp-content\/uploads\/2017\/08\/en-savoir-plus.png 150w, https:\/\/www.cedreetrondins.com\/wp-content\/uploads\/2017\/08\/en-savoir-plus-100x100.png 100w, https:\/\/www.cedreetrondins.com\/wp-content\/uploads\/2017\/08\/en-savoir-plus-24x24.png 24w, https:\/\/www.cedreetrondins.com\/wp-content\/uploads\/2017\/08\/en-savoir-plus-36x36.png 36w, https:\/\/www.cedreetrondins.com\/wp-content\/uploads\/2017\/08\/en-savoir-plus-48x48.png 48w\" sizes=\"auto, (max-width: 84px) 100vw, 84px\" \/><\/a><\/p>\n<p>&nbsp;<\/p>\n<p>&nbsp;<\/p>\n","protected":false},"excerpt":{"rendered":"<p>Salon SETT 2017\u00a0 Salon Professionnel des Equipements du Tourisme Parc Exposition de Montpellier (34) Du mardi 7 au jeudi 9<span class=\"more-dots\">&#8230;<\/span><\/p>\n","protected":false},"author":2,"featured_media":4961,"comment_status":"closed","ping_status":"open","sticky":false,"template":"","format":"standard","meta":{"_acf_changed":false,"footnotes":""},"categories":[244],"tags":[],"class_list":["post-6482","post","type-post","status-publish","format-standard","has-post-thumbnail","hentry","category-our-events-and-shows"],"acf":[],"yoast_head":"<!-- This site is optimized with the Yoast SEO plugin v28.2 - https:\/\/yoast.com\/product\/yoast-seo-wordpress\/ -->\n<title>Du 7 au 9 NOVEMBRE 2017 - C\u00e8dre &amp; Rondins<\/title>\n<meta name=\"robots\" content=\"index, follow, max-snippet:-1, max-image-preview:large, max-video-preview:-1\" \/>\n<link rel=\"canonical\" href=\"https:\/\/www.cedreetrondins.com\/en\/our-news\/our-events-and-shows\/du-7-au-9-novembre-2017\/\" \/>\n<meta property=\"og:locale\" content=\"en_US\" \/>\n<meta property=\"og:type\" content=\"article\" \/>\n<meta property=\"og:title\" content=\"Du 7 au 9 NOVEMBRE 2017 - C\u00e8dre &amp; Rondins\" \/>\n<meta property=\"og:description\" content=\"Salon SETT 2017\u00a0 Salon Professionnel des Equipements du Tourisme Parc Exposition de Montpellier (34) Du mardi 7 au jeudi 9...\" \/>\n<meta property=\"og:url\" content=\"https:\/\/www.cedreetrondins.com\/en\/our-news\/our-events-and-shows\/du-7-au-9-novembre-2017\/\" \/>\n<meta property=\"og:site_name\" content=\"C\u00e8dre &amp; Rondins\" \/>\n<meta property=\"article:author\" content=\"https:\/\/www.facebook.com\/CEDREETRONDINS\/\" \/>\n<meta property=\"article:published_time\" content=\"2017-05-23T13:31:41+00:00\" \/>\n<meta property=\"article:modified_time\" content=\"2018-06-18T08:54:56+00:00\" \/>\n<meta property=\"og:image\" content=\"https:\/\/www.cedreetrondins.com\/wp-content\/uploads\/2017\/09\/2017-SETT-7-au-9-novembre-1.png\" \/>\n\t<meta property=\"og:image:width\" content=\"200\" \/>\n\t<meta property=\"og:image:height\" content=\"283\" \/>\n\t<meta property=\"og:image:type\" content=\"image\/png\" \/>\n<meta name=\"author\" content=\"C\u00e8dre et Rondins\" \/>\n<meta name=\"twitter:card\" content=\"summary_large_image\" \/>\n<meta name=\"twitter:label1\" content=\"Written by\" \/>\n\t<meta name=\"twitter:data1\" content=\"C\u00e8dre et Rondins\" \/>\n<script type=\"application\/ld+json\" class=\"yoast-schema-graph\">{\"@context\":\"https:\\\/\\\/schema.org\",\"@graph\":[{\"@type\":\"Article\",\"@id\":\"https:\\\/\\\/www.cedreetrondins.com\\\/en\\\/our-news\\\/our-events-and-shows\\\/du-7-au-9-novembre-2017\\\/#article\",\"isPartOf\":{\"@id\":\"https:\\\/\\\/www.cedreetrondins.com\\\/en\\\/our-news\\\/our-events-and-shows\\\/du-7-au-9-novembre-2017\\\/\"},\"author\":{\"name\":\"C\u00e8dre et Rondins\",\"@id\":\"https:\\\/\\\/www.cedreetrondins.com\\\/#\\\/schema\\\/person\\\/078d3129e67c9b3ccfb4d6b474b19503\"},\"headline\":\"Du 7 au 9 NOVEMBRE 2017\",\"datePublished\":\"2017-05-23T13:31:41+00:00\",\"dateModified\":\"2018-06-18T08:54:56+00:00\",\"mainEntityOfPage\":{\"@id\":\"https:\\\/\\\/www.cedreetrondins.com\\\/en\\\/our-news\\\/our-events-and-shows\\\/du-7-au-9-novembre-2017\\\/\"},\"wordCount\":41,\"publisher\":{\"@id\":\"https:\\\/\\\/www.cedreetrondins.com\\\/#organization\"},\"image\":{\"@id\":\"https:\\\/\\\/www.cedreetrondins.com\\\/en\\\/our-news\\\/our-events-and-shows\\\/du-7-au-9-novembre-2017\\\/#primaryimage\"},\"thumbnailUrl\":\"https:\\\/\\\/www.cedreetrondins.com\\\/wp-content\\\/uploads\\\/2017\\\/09\\\/2017-SETT-7-au-9-novembre-1.png\",\"articleSection\":[\"Our Events &amp; Shows\"],\"inLanguage\":\"en-US\"},{\"@type\":\"WebPage\",\"@id\":\"https:\\\/\\\/www.cedreetrondins.com\\\/en\\\/our-news\\\/our-events-and-shows\\\/du-7-au-9-novembre-2017\\\/\",\"url\":\"https:\\\/\\\/www.cedreetrondins.com\\\/en\\\/our-news\\\/our-events-and-shows\\\/du-7-au-9-novembre-2017\\\/\",\"name\":\"Du 7 au 9 NOVEMBRE 2017 - C\u00e8dre &amp; Rondins\",\"isPartOf\":{\"@id\":\"https:\\\/\\\/www.cedreetrondins.com\\\/#website\"},\"primaryImageOfPage\":{\"@id\":\"https:\\\/\\\/www.cedreetrondins.com\\\/en\\\/our-news\\\/our-events-and-shows\\\/du-7-au-9-novembre-2017\\\/#primaryimage\"},\"image\":{\"@id\":\"https:\\\/\\\/www.cedreetrondins.com\\\/en\\\/our-news\\\/our-events-and-shows\\\/du-7-au-9-novembre-2017\\\/#primaryimage\"},\"thumbnailUrl\":\"https:\\\/\\\/www.cedreetrondins.com\\\/wp-content\\\/uploads\\\/2017\\\/09\\\/2017-SETT-7-au-9-novembre-1.png\",\"datePublished\":\"2017-05-23T13:31:41+00:00\",\"dateModified\":\"2018-06-18T08:54:56+00:00\",\"breadcrumb\":{\"@id\":\"https:\\\/\\\/www.cedreetrondins.com\\\/en\\\/our-news\\\/our-events-and-shows\\\/du-7-au-9-novembre-2017\\\/#breadcrumb\"},\"inLanguage\":\"en-US\",\"potentialAction\":[{\"@type\":\"ReadAction\",\"target\":[\"https:\\\/\\\/www.cedreetrondins.com\\\/en\\\/our-news\\\/our-events-and-shows\\\/du-7-au-9-novembre-2017\\\/\"]}]},{\"@type\":\"ImageObject\",\"inLanguage\":\"en-US\",\"@id\":\"https:\\\/\\\/www.cedreetrondins.com\\\/en\\\/our-news\\\/our-events-and-shows\\\/du-7-au-9-novembre-2017\\\/#primaryimage\",\"url\":\"https:\\\/\\\/www.cedreetrondins.com\\\/wp-content\\\/uploads\\\/2017\\\/09\\\/2017-SETT-7-au-9-novembre-1.png\",\"contentUrl\":\"https:\\\/\\\/www.cedreetrondins.com\\\/wp-content\\\/uploads\\\/2017\\\/09\\\/2017-SETT-7-au-9-novembre-1.png\",\"width\":200,\"height\":283},{\"@type\":\"BreadcrumbList\",\"@id\":\"https:\\\/\\\/www.cedreetrondins.com\\\/en\\\/our-news\\\/our-events-and-shows\\\/du-7-au-9-novembre-2017\\\/#breadcrumb\",\"itemListElement\":[{\"@type\":\"ListItem\",\"position\":1,\"name\":\"Home\",\"item\":\"https:\\\/\\\/www.cedreetrondins.com\\\/\"},{\"@type\":\"ListItem\",\"position\":2,\"name\":\"Our News\",\"item\":\"https:\\\/\\\/www.cedreetrondins.com\\\/en\\\/category\\\/our-news\\\/\"},{\"@type\":\"ListItem\",\"position\":3,\"name\":\"Our Events &amp; Shows\",\"item\":\"https:\\\/\\\/www.cedreetrondins.com\\\/en\\\/category\\\/our-news\\\/our-events-and-shows\\\/\"},{\"@type\":\"ListItem\",\"position\":4,\"name\":\"Du 7 au 9 NOVEMBRE 2017\"}]},{\"@type\":\"WebSite\",\"@id\":\"https:\\\/\\\/www.cedreetrondins.com\\\/#website\",\"url\":\"https:\\\/\\\/www.cedreetrondins.com\\\/\",\"name\":\"C\u00e8dre &amp; Rondins\",\"description\":\"Mobilier en bois naturel\",\"publisher\":{\"@id\":\"https:\\\/\\\/www.cedreetrondins.com\\\/#organization\"},\"potentialAction\":[{\"@type\":\"SearchAction\",\"target\":{\"@type\":\"EntryPoint\",\"urlTemplate\":\"https:\\\/\\\/www.cedreetrondins.com\\\/?s={search_term_string}\"},\"query-input\":{\"@type\":\"PropertyValueSpecification\",\"valueRequired\":true,\"valueName\":\"search_term_string\"}}],\"inLanguage\":\"en-US\"},{\"@type\":\"Organization\",\"@id\":\"https:\\\/\\\/www.cedreetrondins.com\\\/#organization\",\"name\":\"C\u00e8dre &amp; Rondins\",\"url\":\"https:\\\/\\\/www.cedreetrondins.com\\\/\",\"logo\":{\"@type\":\"ImageObject\",\"inLanguage\":\"en-US\",\"@id\":\"https:\\\/\\\/www.cedreetrondins.com\\\/#\\\/schema\\\/logo\\\/image\\\/\",\"url\":\"https:\\\/\\\/www.cedreetrondins.com\\\/wp-content\\\/uploads\\\/2025\\\/01\\\/cropped-logo-cedre-et-rondins-2025-le-canada-sinvite-chez-vous-1.png\",\"contentUrl\":\"https:\\\/\\\/www.cedreetrondins.com\\\/wp-content\\\/uploads\\\/2025\\\/01\\\/cropped-logo-cedre-et-rondins-2025-le-canada-sinvite-chez-vous-1.png\",\"width\":240,\"height\":138,\"caption\":\"C\u00e8dre &amp; Rondins\"},\"image\":{\"@id\":\"https:\\\/\\\/www.cedreetrondins.com\\\/#\\\/schema\\\/logo\\\/image\\\/\"}},{\"@type\":\"Person\",\"@id\":\"https:\\\/\\\/www.cedreetrondins.com\\\/#\\\/schema\\\/person\\\/078d3129e67c9b3ccfb4d6b474b19503\",\"name\":\"C\u00e8dre et Rondins\",\"image\":{\"@type\":\"ImageObject\",\"inLanguage\":\"en-US\",\"@id\":\"https:\\\/\\\/secure.gravatar.com\\\/avatar\\\/4679403e0ee5afa283b5a39dc053f8d5a455bc4ad44fe2c518c38bbe3e476d98?s=96&d=mm&r=g\",\"url\":\"https:\\\/\\\/secure.gravatar.com\\\/avatar\\\/4679403e0ee5afa283b5a39dc053f8d5a455bc4ad44fe2c518c38bbe3e476d98?s=96&d=mm&r=g\",\"contentUrl\":\"https:\\\/\\\/secure.gravatar.com\\\/avatar\\\/4679403e0ee5afa283b5a39dc053f8d5a455bc4ad44fe2c518c38bbe3e476d98?s=96&d=mm&r=g\",\"caption\":\"C\u00e8dre et Rondins\"},\"description\":\"C\u00e8dre &amp; Rondins, entreprise Fran\u00e7aise, vous propose une collection compl\u00e8te de mobilier en bois massif, 100% C\u00e8dre Blanc du Canada, pour l'am\u00e9nagement de vos espaces ext\u00e9rieurs ET int\u00e9rieurs. Le c\u00e8dre blanc est un bois tr\u00e8s durable - Norme EN350 - non trait\u00e9 mais imputrescible vous garantissant un investissement durable sur le long terme et une satisfaction d'usage. Sa certification Rainforest Alliance vous assure une d\u00e9marche \u00e9co-responsable. D\u00e9couvrez la gamme Rondins et la gamme Adirondack. Ce mobilier original vous permet de cr\u00e9er des ambiances harmonieuses et chaleureuses en associant selon vos choix les fauteuils, canap\u00e9s, tables basses, bancs, tables repas, mobilier de bar et Adirondack, etc ... Stock en France Livraison GRATUITE en France m\u00e9tropolitaine - hors Corse Le C\u00e8dre Blanc, Un Choix tout Naturel !\",\"sameAs\":[\"https:\\\/\\\/www.cedreetrondins.com\\\/\",\"https:\\\/\\\/www.facebook.com\\\/CEDREETRONDINS\\\/\",\"https:\\\/\\\/www.instagram.com\\\/cedre.et.rondins\\\/\",\"https:\\\/\\\/www.linkedin.com\\\/company\\\/cdre-rondins\\\/?viewAsMember=true\",\"https:\\\/\\\/www.pinterest.fr\\\/cedreetrondins\\\/\"]}]}<\/script>\n<!-- \/ Yoast SEO plugin. -->","yoast_head_json":{"title":"Du 7 au 9 NOVEMBRE 2017 - C\u00e8dre &amp; Rondins","robots":{"index":"index","follow":"follow","max-snippet":"max-snippet:-1","max-image-preview":"max-image-preview:large","max-video-preview":"max-video-preview:-1"},"canonical":"https:\/\/www.cedreetrondins.com\/en\/our-news\/our-events-and-shows\/du-7-au-9-novembre-2017\/","og_locale":"en_US","og_type":"article","og_title":"Du 7 au 9 NOVEMBRE 2017 - C\u00e8dre &amp; Rondins","og_description":"Salon SETT 2017\u00a0 Salon Professionnel des Equipements du Tourisme Parc Exposition de Montpellier (34) Du mardi 7 au jeudi 9...","og_url":"https:\/\/www.cedreetrondins.com\/en\/our-news\/our-events-and-shows\/du-7-au-9-novembre-2017\/","og_site_name":"C\u00e8dre &amp; Rondins","article_author":"https:\/\/www.facebook.com\/CEDREETRONDINS\/","article_published_time":"2017-05-23T13:31:41+00:00","article_modified_time":"2018-06-18T08:54:56+00:00","og_image":[{"width":200,"height":283,"url":"https:\/\/www.cedreetrondins.com\/wp-content\/uploads\/2017\/09\/2017-SETT-7-au-9-novembre-1.png","type":"image\/png"}],"author":"C\u00e8dre et Rondins","twitter_card":"summary_large_image","twitter_misc":{"Written by":"C\u00e8dre et Rondins"},"schema":{"@context":"https:\/\/schema.org","@graph":[{"@type":"Article","@id":"https:\/\/www.cedreetrondins.com\/en\/our-news\/our-events-and-shows\/du-7-au-9-novembre-2017\/#article","isPartOf":{"@id":"https:\/\/www.cedreetrondins.com\/en\/our-news\/our-events-and-shows\/du-7-au-9-novembre-2017\/"},"author":{"name":"C\u00e8dre et Rondins","@id":"https:\/\/www.cedreetrondins.com\/#\/schema\/person\/078d3129e67c9b3ccfb4d6b474b19503"},"headline":"Du 7 au 9 NOVEMBRE 2017","datePublished":"2017-05-23T13:31:41+00:00","dateModified":"2018-06-18T08:54:56+00:00","mainEntityOfPage":{"@id":"https:\/\/www.cedreetrondins.com\/en\/our-news\/our-events-and-shows\/du-7-au-9-novembre-2017\/"},"wordCount":41,"publisher":{"@id":"https:\/\/www.cedreetrondins.com\/#organization"},"image":{"@id":"https:\/\/www.cedreetrondins.com\/en\/our-news\/our-events-and-shows\/du-7-au-9-novembre-2017\/#primaryimage"},"thumbnailUrl":"https:\/\/www.cedreetrondins.com\/wp-content\/uploads\/2017\/09\/2017-SETT-7-au-9-novembre-1.png","articleSection":["Our Events &amp; Shows"],"inLanguage":"en-US"},{"@type":"WebPage","@id":"https:\/\/www.cedreetrondins.com\/en\/our-news\/our-events-and-shows\/du-7-au-9-novembre-2017\/","url":"https:\/\/www.cedreetrondins.com\/en\/our-news\/our-events-and-shows\/du-7-au-9-novembre-2017\/","name":"Du 7 au 9 NOVEMBRE 2017 - C\u00e8dre &amp; Rondins","isPartOf":{"@id":"https:\/\/www.cedreetrondins.com\/#website"},"primaryImageOfPage":{"@id":"https:\/\/www.cedreetrondins.com\/en\/our-news\/our-events-and-shows\/du-7-au-9-novembre-2017\/#primaryimage"},"image":{"@id":"https:\/\/www.cedreetrondins.com\/en\/our-news\/our-events-and-shows\/du-7-au-9-novembre-2017\/#primaryimage"},"thumbnailUrl":"https:\/\/www.cedreetrondins.com\/wp-content\/uploads\/2017\/09\/2017-SETT-7-au-9-novembre-1.png","datePublished":"2017-05-23T13:31:41+00:00","dateModified":"2018-06-18T08:54:56+00:00","breadcrumb":{"@id":"https:\/\/www.cedreetrondins.com\/en\/our-news\/our-events-and-shows\/du-7-au-9-novembre-2017\/#breadcrumb"},"inLanguage":"en-US","potentialAction":[{"@type":"ReadAction","target":["https:\/\/www.cedreetrondins.com\/en\/our-news\/our-events-and-shows\/du-7-au-9-novembre-2017\/"]}]},{"@type":"ImageObject","inLanguage":"en-US","@id":"https:\/\/www.cedreetrondins.com\/en\/our-news\/our-events-and-shows\/du-7-au-9-novembre-2017\/#primaryimage","url":"https:\/\/www.cedreetrondins.com\/wp-content\/uploads\/2017\/09\/2017-SETT-7-au-9-novembre-1.png","contentUrl":"https:\/\/www.cedreetrondins.com\/wp-content\/uploads\/2017\/09\/2017-SETT-7-au-9-novembre-1.png","width":200,"height":283},{"@type":"BreadcrumbList","@id":"https:\/\/www.cedreetrondins.com\/en\/our-news\/our-events-and-shows\/du-7-au-9-novembre-2017\/#breadcrumb","itemListElement":[{"@type":"ListItem","position":1,"name":"Home","item":"https:\/\/www.cedreetrondins.com\/"},{"@type":"ListItem","position":2,"name":"Our News","item":"https:\/\/www.cedreetrondins.com\/en\/category\/our-news\/"},{"@type":"ListItem","position":3,"name":"Our Events &amp; Shows","item":"https:\/\/www.cedreetrondins.com\/en\/category\/our-news\/our-events-and-shows\/"},{"@type":"ListItem","position":4,"name":"Du 7 au 9 NOVEMBRE 2017"}]},{"@type":"WebSite","@id":"https:\/\/www.cedreetrondins.com\/#website","url":"https:\/\/www.cedreetrondins.com\/","name":"C\u00e8dre &amp; Rondins","description":"Mobilier en bois naturel","publisher":{"@id":"https:\/\/www.cedreetrondins.com\/#organization"},"potentialAction":[{"@type":"SearchAction","target":{"@type":"EntryPoint","urlTemplate":"https:\/\/www.cedreetrondins.com\/?s={search_term_string}"},"query-input":{"@type":"PropertyValueSpecification","valueRequired":true,"valueName":"search_term_string"}}],"inLanguage":"en-US"},{"@type":"Organization","@id":"https:\/\/www.cedreetrondins.com\/#organization","name":"C\u00e8dre &amp; Rondins","url":"https:\/\/www.cedreetrondins.com\/","logo":{"@type":"ImageObject","inLanguage":"en-US","@id":"https:\/\/www.cedreetrondins.com\/#\/schema\/logo\/image\/","url":"https:\/\/www.cedreetrondins.com\/wp-content\/uploads\/2025\/01\/cropped-logo-cedre-et-rondins-2025-le-canada-sinvite-chez-vous-1.png","contentUrl":"https:\/\/www.cedreetrondins.com\/wp-content\/uploads\/2025\/01\/cropped-logo-cedre-et-rondins-2025-le-canada-sinvite-chez-vous-1.png","width":240,"height":138,"caption":"C\u00e8dre &amp; Rondins"},"image":{"@id":"https:\/\/www.cedreetrondins.com\/#\/schema\/logo\/image\/"}},{"@type":"Person","@id":"https:\/\/www.cedreetrondins.com\/#\/schema\/person\/078d3129e67c9b3ccfb4d6b474b19503","name":"C\u00e8dre et Rondins","image":{"@type":"ImageObject","inLanguage":"en-US","@id":"https:\/\/secure.gravatar.com\/avatar\/4679403e0ee5afa283b5a39dc053f8d5a455bc4ad44fe2c518c38bbe3e476d98?s=96&d=mm&r=g","url":"https:\/\/secure.gravatar.com\/avatar\/4679403e0ee5afa283b5a39dc053f8d5a455bc4ad44fe2c518c38bbe3e476d98?s=96&d=mm&r=g","contentUrl":"https:\/\/secure.gravatar.com\/avatar\/4679403e0ee5afa283b5a39dc053f8d5a455bc4ad44fe2c518c38bbe3e476d98?s=96&d=mm&r=g","caption":"C\u00e8dre et Rondins"},"description":"C\u00e8dre &amp; Rondins, entreprise Fran\u00e7aise, vous propose une collection compl\u00e8te de mobilier en bois massif, 100% C\u00e8dre Blanc du Canada, pour l'am\u00e9nagement de vos espaces ext\u00e9rieurs ET int\u00e9rieurs. Le c\u00e8dre blanc est un bois tr\u00e8s durable - Norme EN350 - non trait\u00e9 mais imputrescible vous garantissant un investissement durable sur le long terme et une satisfaction d'usage. Sa certification Rainforest Alliance vous assure une d\u00e9marche \u00e9co-responsable. D\u00e9couvrez la gamme Rondins et la gamme Adirondack. Ce mobilier original vous permet de cr\u00e9er des ambiances harmonieuses et chaleureuses en associant selon vos choix les fauteuils, canap\u00e9s, tables basses, bancs, tables repas, mobilier de bar et Adirondack, etc ... Stock en France Livraison GRATUITE en France m\u00e9tropolitaine - hors Corse Le C\u00e8dre Blanc, Un Choix tout Naturel !","sameAs":["https:\/\/www.cedreetrondins.com\/","https:\/\/www.facebook.com\/CEDREETRONDINS\/","https:\/\/www.instagram.com\/cedre.et.rondins\/","https:\/\/www.linkedin.com\/company\/cdre-rondins\/?viewAsMember=true","https:\/\/www.pinterest.fr\/cedreetrondins\/"]}]}},"_links":{"self":[{"href":"https:\/\/www.cedreetrondins.com\/en\/wp-json\/wp\/v2\/posts\/6482","targetHints":{"allow":["GET"]}}],"collection":[{"href":"https:\/\/www.cedreetrondins.com\/en\/wp-json\/wp\/v2\/posts"}],"about":[{"href":"https:\/\/www.cedreetrondins.com\/en\/wp-json\/wp\/v2\/types\/post"}],"author":[{"embeddable":true,"href":"https:\/\/www.cedreetrondins.com\/en\/wp-json\/wp\/v2\/users\/2"}],"replies":[{"embeddable":true,"href":"https:\/\/www.cedreetrondins.com\/en\/wp-json\/wp\/v2\/comments?post=6482"}],"version-history":[{"count":0,"href":"https:\/\/www.cedreetrondins.com\/en\/wp-json\/wp\/v2\/posts\/6482\/revisions"}],"wp:featuredmedia":[{"embeddable":true,"href":"https:\/\/www.cedreetrondins.com\/en\/wp-json\/wp\/v2\/media\/4961"}],"wp:attachment":[{"href":"https:\/\/www.cedreetrondins.com\/en\/wp-json\/wp\/v2\/media?parent=6482"}],"wp:term":[{"taxonomy":"category","embeddable":true,"href":"https:\/\/www.cedreetrondins.com\/en\/wp-json\/wp\/v2\/categories?post=6482"},{"taxonomy":"post_tag","embeddable":true,"href":"https:\/\/www.cedreetrondins.com\/en\/wp-json\/wp\/v2\/tags?post=6482"}],"curies":[{"name":"wp","href":"https:\/\/api.w.org\/{rel}","templated":true}]}}