{"id":16942,"date":"2023-02-23T10:44:07","date_gmt":"2023-02-23T09:44:07","guid":{"rendered":"https:\/\/www.cedreetrondins.com\/?p=16942"},"modified":"2023-03-23T17:36:59","modified_gmt":"2023-03-23T16:36:59","slug":"bois-vert-camping","status":"publish","type":"post","link":"https:\/\/www.cedreetrondins.com\/en\/they-trust-us\/bois-vert-camping\/","title":{"rendered":"Bois Vert Camping 2** in Carentoir"},"content":{"rendered":"<div id=\"stacks_out_1155_page0\" class=\"stacks_out\">\n<div id=\"stacks_in_1155_page0\" class=\"stacks_in text_stack\">\n<h2>Bois Vert Camping in Carentoir (56910) &#8211; Morbihan &#8211; FRANCE<\/h2>\n<\/div>\n<\/div>\n<p><!--more--><\/p>\n<div class=\"col-md-6\">\n<p>Bois Vert Camping and its unusual accommodation<\/p>\n<p>Want to escape, to dream, the time of an unusual stay in a wooden cabin, in contact with nature?<br \/>\nDiscover the unusual accommodations: Tonneau, Canadienne, Pod at Bois Vert Camping in Carentoir.<\/p>\n<p>&nbsp;<\/p>\n<p style=\"text-align: center;\"><a href=\"https:\/\/www.cedreetrondins.com\/wp-content\/uploads\/2021\/03\/Camping-du-Bois-Vert-dans-le-morbihan-BD-SITE-300x300.png\"><img decoding=\"async\" class=\"alignnone size-medium wp-image-9869\" src=\"https:\/\/www.cedreetrondins.com\/wp-content\/uploads\/2021\/03\/Camping-du-Bois-Vert-dans-le-morbihan-BD-SITE-300x300.png\" alt=\"Camping du Bois Vert carentoir\" width=\"300\" height=\"300\" srcset=\"https:\/\/www.cedreetrondins.com\/wp-content\/uploads\/2021\/03\/Camping-du-Bois-Vert-dans-le-morbihan-BD-SITE-300x300.png 300w, https:\/\/www.cedreetrondins.com\/wp-content\/uploads\/2021\/03\/Camping-du-Bois-Vert-dans-le-morbihan-BD-SITE-100x100.png 100w, https:\/\/www.cedreetrondins.com\/wp-content\/uploads\/2021\/03\/Camping-du-Bois-Vert-dans-le-morbihan-BD-SITE-600x600.png 600w, https:\/\/www.cedreetrondins.com\/wp-content\/uploads\/2021\/03\/Camping-du-Bois-Vert-dans-le-morbihan-BD-SITE-1024x1024.png 1024w, https:\/\/www.cedreetrondins.com\/wp-content\/uploads\/2021\/03\/Camping-du-Bois-Vert-dans-le-morbihan-BD-SITE-150x150.png 150w, https:\/\/www.cedreetrondins.com\/wp-content\/uploads\/2021\/03\/Camping-du-Bois-Vert-dans-le-morbihan-BD-SITE-768x768.png 768w, https:\/\/www.cedreetrondins.com\/wp-content\/uploads\/2021\/03\/Camping-du-Bois-Vert-dans-le-morbihan-BD-SITE-200x200.png 200w, https:\/\/www.cedreetrondins.com\/wp-content\/uploads\/2021\/03\/Camping-du-Bois-Vert-dans-le-morbihan-BD-SITE-24x24.png 24w, https:\/\/www.cedreetrondins.com\/wp-content\/uploads\/2021\/03\/Camping-du-Bois-Vert-dans-le-morbihan-BD-SITE-36x36.png 36w, https:\/\/www.cedreetrondins.com\/wp-content\/uploads\/2021\/03\/Camping-du-Bois-Vert-dans-le-morbihan-BD-SITE-48x48.png 48w, https:\/\/www.cedreetrondins.com\/wp-content\/uploads\/2021\/03\/Camping-du-Bois-Vert-dans-le-morbihan-BD-SITE.png 1080w\" sizes=\"(max-width: 300px) 100vw, 300px\" \/><\/a><\/p>\n<p>&nbsp;<\/p>\n<\/div>\n<p>&nbsp;<\/p>\n<p>&nbsp;<\/p>\n<p><a href=\"https:\/\/www.cedreetrondins.com\/wp-content\/uploads\/2020\/06\/B13A-Table-de-jardin-parasol-camping-du-bois-vert-scaled.jpg\"><img decoding=\"async\" class=\"size-medium wp-image-13929 alignleft\" src=\"https:\/\/www.cedreetrondins.com\/wp-content\/uploads\/2020\/06\/B13A-Table-de-jardin-parasol-camping-du-bois-vert-300x225.jpg\" alt=\"\" width=\"300\" height=\"225\" srcset=\"https:\/\/www.cedreetrondins.com\/wp-content\/uploads\/2020\/06\/B13A-Table-de-jardin-parasol-camping-du-bois-vert-300x225.jpg 300w, https:\/\/www.cedreetrondins.com\/wp-content\/uploads\/2020\/06\/B13A-Table-de-jardin-parasol-camping-du-bois-vert-600x450.jpg 600w, https:\/\/www.cedreetrondins.com\/wp-content\/uploads\/2020\/06\/B13A-Table-de-jardin-parasol-camping-du-bois-vert-1024x768.jpg 1024w, https:\/\/www.cedreetrondins.com\/wp-content\/uploads\/2020\/06\/B13A-Table-de-jardin-parasol-camping-du-bois-vert-768x576.jpg 768w, https:\/\/www.cedreetrondins.com\/wp-content\/uploads\/2020\/06\/B13A-Table-de-jardin-parasol-camping-du-bois-vert-1900x1425.jpg 1900w, https:\/\/www.cedreetrondins.com\/wp-content\/uploads\/2020\/06\/B13A-Table-de-jardin-parasol-camping-du-bois-vert-200x150.jpg 200w, https:\/\/www.cedreetrondins.com\/wp-content\/uploads\/2020\/06\/B13A-Table-de-jardin-parasol-camping-du-bois-vert-1536x1152.jpg 1536w, https:\/\/www.cedreetrondins.com\/wp-content\/uploads\/2020\/06\/B13A-Table-de-jardin-parasol-camping-du-bois-vert-2048x1536.jpg 2048w, https:\/\/www.cedreetrondins.com\/wp-content\/uploads\/2020\/06\/B13A-Table-de-jardin-parasol-camping-du-bois-vert-1200x900.jpg 1200w, https:\/\/www.cedreetrondins.com\/wp-content\/uploads\/2020\/06\/B13A-Table-de-jardin-parasol-camping-du-bois-vert-1320x990.jpg 1320w, https:\/\/www.cedreetrondins.com\/wp-content\/uploads\/2020\/06\/B13A-Table-de-jardin-parasol-camping-du-bois-vert-24x18.jpg 24w, https:\/\/www.cedreetrondins.com\/wp-content\/uploads\/2020\/06\/B13A-Table-de-jardin-parasol-camping-du-bois-vert-36x27.jpg 36w, https:\/\/www.cedreetrondins.com\/wp-content\/uploads\/2020\/06\/B13A-Table-de-jardin-parasol-camping-du-bois-vert-48x36.jpg 48w\" sizes=\"(max-width: 300px) 100vw, 300px\" \/><\/a> <a href=\"https:\/\/www.cedreetrondins.com\/wp-content\/uploads\/2020\/06\/B6KD-B9-canape-en-bois-2-places-camping-du-bois-vert-scaled.jpg\"><img decoding=\"async\" class=\"size-medium wp-image-13931 alignright\" src=\"https:\/\/www.cedreetrondins.com\/wp-content\/uploads\/2020\/06\/B6KD-B9-canape-en-bois-2-places-camping-du-bois-vert-300x225.jpg\" alt=\"\" width=\"300\" height=\"225\" srcset=\"https:\/\/www.cedreetrondins.com\/wp-content\/uploads\/2020\/06\/B6KD-B9-canape-en-bois-2-places-camping-du-bois-vert-300x225.jpg 300w, https:\/\/www.cedreetrondins.com\/wp-content\/uploads\/2020\/06\/B6KD-B9-canape-en-bois-2-places-camping-du-bois-vert-600x450.jpg 600w, https:\/\/www.cedreetrondins.com\/wp-content\/uploads\/2020\/06\/B6KD-B9-canape-en-bois-2-places-camping-du-bois-vert-1024x768.jpg 1024w, https:\/\/www.cedreetrondins.com\/wp-content\/uploads\/2020\/06\/B6KD-B9-canape-en-bois-2-places-camping-du-bois-vert-768x576.jpg 768w, https:\/\/www.cedreetrondins.com\/wp-content\/uploads\/2020\/06\/B6KD-B9-canape-en-bois-2-places-camping-du-bois-vert-1900x1425.jpg 1900w, https:\/\/www.cedreetrondins.com\/wp-content\/uploads\/2020\/06\/B6KD-B9-canape-en-bois-2-places-camping-du-bois-vert-200x150.jpg 200w, https:\/\/www.cedreetrondins.com\/wp-content\/uploads\/2020\/06\/B6KD-B9-canape-en-bois-2-places-camping-du-bois-vert-1536x1152.jpg 1536w, https:\/\/www.cedreetrondins.com\/wp-content\/uploads\/2020\/06\/B6KD-B9-canape-en-bois-2-places-camping-du-bois-vert-2048x1536.jpg 2048w, https:\/\/www.cedreetrondins.com\/wp-content\/uploads\/2020\/06\/B6KD-B9-canape-en-bois-2-places-camping-du-bois-vert-1200x900.jpg 1200w, https:\/\/www.cedreetrondins.com\/wp-content\/uploads\/2020\/06\/B6KD-B9-canape-en-bois-2-places-camping-du-bois-vert-1320x990.jpg 1320w, https:\/\/www.cedreetrondins.com\/wp-content\/uploads\/2020\/06\/B6KD-B9-canape-en-bois-2-places-camping-du-bois-vert-24x18.jpg 24w, https:\/\/www.cedreetrondins.com\/wp-content\/uploads\/2020\/06\/B6KD-B9-canape-en-bois-2-places-camping-du-bois-vert-36x27.jpg 36w, https:\/\/www.cedreetrondins.com\/wp-content\/uploads\/2020\/06\/B6KD-B9-canape-en-bois-2-places-camping-du-bois-vert-48x36.jpg 48w\" sizes=\"(max-width: 300px) 100vw, 300px\" \/><\/a><\/p>\n<div class=\"col-md-6\">\n<p>&nbsp;<\/p>\n<p>&nbsp;<\/p>\n<\/div>\n<p style=\"text-align: center;\"><a href=\"https:\/\/camping-carentoir.fr\/Les-insolites\" target=\"_blank\" rel=\"noopener noreferrer\"><img decoding=\"async\" class=\"alignnone wp-image-5678\" src=\"https:\/\/www.cedreetrondins.com\/wp-content\/uploads\/2018\/01\/en-savoir-plus.png\" alt=\"en savoir plus\" width=\"67\" height=\"67\" srcset=\"https:\/\/www.cedreetrondins.com\/wp-content\/uploads\/2018\/01\/en-savoir-plus.png 150w, https:\/\/www.cedreetrondins.com\/wp-content\/uploads\/2018\/01\/en-savoir-plus-100x100.png 100w, https:\/\/www.cedreetrondins.com\/wp-content\/uploads\/2018\/01\/en-savoir-plus-24x24.png 24w, https:\/\/www.cedreetrondins.com\/wp-content\/uploads\/2018\/01\/en-savoir-plus-36x36.png 36w, https:\/\/www.cedreetrondins.com\/wp-content\/uploads\/2018\/01\/en-savoir-plus-48x48.png 48w\" sizes=\"(max-width: 67px) 100vw, 67px\" \/><\/a><\/p>\n<p style=\"text-align: center;\">\n","protected":false},"excerpt":{"rendered":"<p>Bois Vert Camping in Carentoir (56910) &#8211; Morbihan &#8211; FRANCE<\/p>\n","protected":false},"author":2,"featured_media":17077,"comment_status":"closed","ping_status":"open","sticky":false,"template":"","format":"standard","meta":{"_acf_changed":false,"footnotes":""},"categories":[444],"tags":[],"class_list":["post-16942","post","type-post","status-publish","format-standard","has-post-thumbnail","hentry","category-they-trust-us"],"acf":[],"yoast_head":"<!-- This site is optimized with the Yoast SEO plugin v27.5 - https:\/\/yoast.com\/product\/yoast-seo-wordpress\/ -->\n<title>Bois Vert Camping 2** in Carentoir - C\u00e8dre &amp; Rondins<\/title>\n<meta name=\"description\" content=\"The Bois Vert camping in Carentoir has chosen to furnish their spaces with C\u00e8dre &amp; Rondins wooden furniture\" \/>\n<meta name=\"robots\" content=\"index, follow, max-snippet:-1, max-image-preview:large, max-video-preview:-1\" \/>\n<link rel=\"canonical\" href=\"https:\/\/www.cedreetrondins.com\/en\/they-trust-us\/bois-vert-camping\/\" \/>\n<meta property=\"og:locale\" content=\"en_US\" \/>\n<meta property=\"og:type\" content=\"article\" \/>\n<meta property=\"og:title\" content=\"Bois Vert Camping 2** in Carentoir - C\u00e8dre &amp; Rondins\" \/>\n<meta property=\"og:description\" content=\"The Bois Vert camping in Carentoir has chosen to furnish their spaces with C\u00e8dre &amp; Rondins wooden furniture\" \/>\n<meta property=\"og:url\" content=\"https:\/\/www.cedreetrondins.com\/en\/they-trust-us\/bois-vert-camping\/\" \/>\n<meta property=\"og:site_name\" content=\"C\u00e8dre &amp; Rondins\" \/>\n<meta property=\"article:author\" content=\"https:\/\/www.facebook.com\/CEDREETRONDINS\/\" \/>\n<meta property=\"article:published_time\" content=\"2023-02-23T09:44:07+00:00\" \/>\n<meta property=\"article:modified_time\" content=\"2023-03-23T16:36:59+00:00\" \/>\n<meta property=\"og:image\" content=\"https:\/\/www.cedreetrondins.com\/wp-content\/uploads\/2021\/03\/camping-du-bois-vert-carentoir-morbihan-e1679589399584.jpg\" \/>\n\t<meta property=\"og:image:width\" content=\"169\" \/>\n\t<meta property=\"og:image:height\" content=\"210\" \/>\n\t<meta property=\"og:image:type\" content=\"image\/jpeg\" \/>\n<meta name=\"author\" content=\"C\u00e8dre et Rondins\" \/>\n<meta name=\"twitter:card\" content=\"summary_large_image\" \/>\n<meta name=\"twitter:label1\" content=\"Written by\" \/>\n\t<meta name=\"twitter:data1\" content=\"C\u00e8dre et Rondins\" \/>\n\t<meta name=\"twitter:label2\" content=\"Est. reading time\" \/>\n\t<meta name=\"twitter:data2\" content=\"2 minutes\" \/>\n<script type=\"application\/ld+json\" class=\"yoast-schema-graph\">{\"@context\":\"https:\\\/\\\/schema.org\",\"@graph\":[{\"@type\":\"Article\",\"@id\":\"https:\\\/\\\/www.cedreetrondins.com\\\/en\\\/they-trust-us\\\/bois-vert-camping\\\/#article\",\"isPartOf\":{\"@id\":\"https:\\\/\\\/www.cedreetrondins.com\\\/en\\\/they-trust-us\\\/bois-vert-camping\\\/\"},\"author\":{\"name\":\"C\u00e8dre et Rondins\",\"@id\":\"https:\\\/\\\/www.cedreetrondins.com\\\/#\\\/schema\\\/person\\\/078d3129e67c9b3ccfb4d6b474b19503\"},\"headline\":\"Bois Vert Camping 2** in Carentoir\",\"datePublished\":\"2023-02-23T09:44:07+00:00\",\"dateModified\":\"2023-03-23T16:36:59+00:00\",\"mainEntityOfPage\":{\"@id\":\"https:\\\/\\\/www.cedreetrondins.com\\\/en\\\/they-trust-us\\\/bois-vert-camping\\\/\"},\"wordCount\":59,\"publisher\":{\"@id\":\"https:\\\/\\\/www.cedreetrondins.com\\\/#organization\"},\"image\":{\"@id\":\"https:\\\/\\\/www.cedreetrondins.com\\\/en\\\/they-trust-us\\\/bois-vert-camping\\\/#primaryimage\"},\"thumbnailUrl\":\"https:\\\/\\\/www.cedreetrondins.com\\\/wp-content\\\/uploads\\\/2020\\\/06\\\/camping-le-chassezac-e1679650627135.jpg\",\"articleSection\":[\"They trust us\"],\"inLanguage\":\"en-US\"},{\"@type\":\"WebPage\",\"@id\":\"https:\\\/\\\/www.cedreetrondins.com\\\/en\\\/they-trust-us\\\/bois-vert-camping\\\/\",\"url\":\"https:\\\/\\\/www.cedreetrondins.com\\\/en\\\/they-trust-us\\\/bois-vert-camping\\\/\",\"name\":\"Bois Vert Camping 2** in Carentoir - C\u00e8dre &amp; Rondins\",\"isPartOf\":{\"@id\":\"https:\\\/\\\/www.cedreetrondins.com\\\/#website\"},\"primaryImageOfPage\":{\"@id\":\"https:\\\/\\\/www.cedreetrondins.com\\\/en\\\/they-trust-us\\\/bois-vert-camping\\\/#primaryimage\"},\"image\":{\"@id\":\"https:\\\/\\\/www.cedreetrondins.com\\\/en\\\/they-trust-us\\\/bois-vert-camping\\\/#primaryimage\"},\"thumbnailUrl\":\"https:\\\/\\\/www.cedreetrondins.com\\\/wp-content\\\/uploads\\\/2020\\\/06\\\/camping-le-chassezac-e1679650627135.jpg\",\"datePublished\":\"2023-02-23T09:44:07+00:00\",\"dateModified\":\"2023-03-23T16:36:59+00:00\",\"description\":\"The Bois Vert camping in Carentoir has chosen to furnish their spaces with C\u00e8dre & Rondins wooden furniture\",\"breadcrumb\":{\"@id\":\"https:\\\/\\\/www.cedreetrondins.com\\\/en\\\/they-trust-us\\\/bois-vert-camping\\\/#breadcrumb\"},\"inLanguage\":\"en-US\",\"potentialAction\":[{\"@type\":\"ReadAction\",\"target\":[\"https:\\\/\\\/www.cedreetrondins.com\\\/en\\\/they-trust-us\\\/bois-vert-camping\\\/\"]}]},{\"@type\":\"ImageObject\",\"inLanguage\":\"en-US\",\"@id\":\"https:\\\/\\\/www.cedreetrondins.com\\\/en\\\/they-trust-us\\\/bois-vert-camping\\\/#primaryimage\",\"url\":\"https:\\\/\\\/www.cedreetrondins.com\\\/wp-content\\\/uploads\\\/2020\\\/06\\\/camping-le-chassezac-e1679650627135.jpg\",\"contentUrl\":\"https:\\\/\\\/www.cedreetrondins.com\\\/wp-content\\\/uploads\\\/2020\\\/06\\\/camping-le-chassezac-e1679650627135.jpg\",\"width\":200,\"height\":200,\"caption\":\"camping du bois vert carentoir\"},{\"@type\":\"BreadcrumbList\",\"@id\":\"https:\\\/\\\/www.cedreetrondins.com\\\/en\\\/they-trust-us\\\/bois-vert-camping\\\/#breadcrumb\",\"itemListElement\":[{\"@type\":\"ListItem\",\"position\":1,\"name\":\"Home\",\"item\":\"https:\\\/\\\/www.cedreetrondins.com\\\/\"},{\"@type\":\"ListItem\",\"position\":2,\"name\":\"Nos garanties\",\"item\":\"https:\\\/\\\/www.cedreetrondins.com\\\/category\\\/nos-garanties\\\/\"},{\"@type\":\"ListItem\",\"position\":3,\"name\":\"Ils nous font confiance\",\"item\":\"https:\\\/\\\/www.cedreetrondins.com\\\/category\\\/nos-garanties\\\/ils-nous-font-confiance\\\/\"},{\"@type\":\"ListItem\",\"position\":4,\"name\":\"Bois Vert Camping 2** in Carentoir\"}]},{\"@type\":\"WebSite\",\"@id\":\"https:\\\/\\\/www.cedreetrondins.com\\\/#website\",\"url\":\"https:\\\/\\\/www.cedreetrondins.com\\\/\",\"name\":\"C\u00e8dre &amp; Rondins\",\"description\":\"Mobilier en bois naturel\",\"publisher\":{\"@id\":\"https:\\\/\\\/www.cedreetrondins.com\\\/#organization\"},\"potentialAction\":[{\"@type\":\"SearchAction\",\"target\":{\"@type\":\"EntryPoint\",\"urlTemplate\":\"https:\\\/\\\/www.cedreetrondins.com\\\/?s={search_term_string}\"},\"query-input\":{\"@type\":\"PropertyValueSpecification\",\"valueRequired\":true,\"valueName\":\"search_term_string\"}}],\"inLanguage\":\"en-US\"},{\"@type\":\"Organization\",\"@id\":\"https:\\\/\\\/www.cedreetrondins.com\\\/#organization\",\"name\":\"C\u00e8dre &amp; Rondins\",\"url\":\"https:\\\/\\\/www.cedreetrondins.com\\\/\",\"logo\":{\"@type\":\"ImageObject\",\"inLanguage\":\"en-US\",\"@id\":\"https:\\\/\\\/www.cedreetrondins.com\\\/#\\\/schema\\\/logo\\\/image\\\/\",\"url\":\"https:\\\/\\\/www.cedreetrondins.com\\\/wp-content\\\/uploads\\\/2025\\\/01\\\/cropped-logo-cedre-et-rondins-2025-le-canada-sinvite-chez-vous-1.png\",\"contentUrl\":\"https:\\\/\\\/www.cedreetrondins.com\\\/wp-content\\\/uploads\\\/2025\\\/01\\\/cropped-logo-cedre-et-rondins-2025-le-canada-sinvite-chez-vous-1.png\",\"width\":240,\"height\":138,\"caption\":\"C\u00e8dre &amp; Rondins\"},\"image\":{\"@id\":\"https:\\\/\\\/www.cedreetrondins.com\\\/#\\\/schema\\\/logo\\\/image\\\/\"}},{\"@type\":\"Person\",\"@id\":\"https:\\\/\\\/www.cedreetrondins.com\\\/#\\\/schema\\\/person\\\/078d3129e67c9b3ccfb4d6b474b19503\",\"name\":\"C\u00e8dre et Rondins\",\"image\":{\"@type\":\"ImageObject\",\"inLanguage\":\"en-US\",\"@id\":\"https:\\\/\\\/secure.gravatar.com\\\/avatar\\\/4679403e0ee5afa283b5a39dc053f8d5a455bc4ad44fe2c518c38bbe3e476d98?s=96&d=mm&r=g\",\"url\":\"https:\\\/\\\/secure.gravatar.com\\\/avatar\\\/4679403e0ee5afa283b5a39dc053f8d5a455bc4ad44fe2c518c38bbe3e476d98?s=96&d=mm&r=g\",\"contentUrl\":\"https:\\\/\\\/secure.gravatar.com\\\/avatar\\\/4679403e0ee5afa283b5a39dc053f8d5a455bc4ad44fe2c518c38bbe3e476d98?s=96&d=mm&r=g\",\"caption\":\"C\u00e8dre et Rondins\"},\"description\":\"C\u00e8dre &amp; Rondins, entreprise Fran\u00e7aise, vous propose une collection compl\u00e8te de mobilier en bois massif, 100% C\u00e8dre Blanc du Canada, pour l'am\u00e9nagement de vos espaces ext\u00e9rieurs ET int\u00e9rieurs. Le c\u00e8dre blanc est un bois tr\u00e8s durable - Norme EN350 - non trait\u00e9 mais imputrescible vous garantissant un investissement durable sur le long terme et une satisfaction d'usage. Sa certification Rainforest Alliance vous assure une d\u00e9marche \u00e9co-responsable. D\u00e9couvrez la gamme Rondins et la gamme Adirondack. Ce mobilier original vous permet de cr\u00e9er des ambiances harmonieuses et chaleureuses en associant selon vos choix les fauteuils, canap\u00e9s, tables basses, bancs, tables repas, mobilier de bar et Adirondack, etc ... Stock en France Livraison GRATUITE en France m\u00e9tropolitaine - hors Corse Le C\u00e8dre Blanc, Un Choix tout Naturel !\",\"sameAs\":[\"https:\\\/\\\/www.cedreetrondins.com\\\/\",\"https:\\\/\\\/www.facebook.com\\\/CEDREETRONDINS\\\/\",\"https:\\\/\\\/www.instagram.com\\\/cedre.et.rondins\\\/\",\"https:\\\/\\\/www.linkedin.com\\\/company\\\/cdre-rondins\\\/?viewAsMember=true\",\"https:\\\/\\\/www.pinterest.fr\\\/cedreetrondins\\\/\"]}]}<\/script>\n<!-- \/ Yoast SEO plugin. -->","yoast_head_json":{"title":"Bois Vert Camping 2** in Carentoir - C\u00e8dre &amp; Rondins","description":"The Bois Vert camping in Carentoir has chosen to furnish their spaces with C\u00e8dre & Rondins wooden furniture","robots":{"index":"index","follow":"follow","max-snippet":"max-snippet:-1","max-image-preview":"max-image-preview:large","max-video-preview":"max-video-preview:-1"},"canonical":"https:\/\/www.cedreetrondins.com\/en\/they-trust-us\/bois-vert-camping\/","og_locale":"en_US","og_type":"article","og_title":"Bois Vert Camping 2** in Carentoir - C\u00e8dre &amp; Rondins","og_description":"The Bois Vert camping in Carentoir has chosen to furnish their spaces with C\u00e8dre & Rondins wooden furniture","og_url":"https:\/\/www.cedreetrondins.com\/en\/they-trust-us\/bois-vert-camping\/","og_site_name":"C\u00e8dre &amp; Rondins","article_author":"https:\/\/www.facebook.com\/CEDREETRONDINS\/","article_published_time":"2023-02-23T09:44:07+00:00","article_modified_time":"2023-03-23T16:36:59+00:00","og_image":[{"width":169,"height":210,"url":"https:\/\/www.cedreetrondins.com\/wp-content\/uploads\/2021\/03\/camping-du-bois-vert-carentoir-morbihan-e1679589399584.jpg","type":"image\/jpeg"}],"author":"C\u00e8dre et Rondins","twitter_card":"summary_large_image","twitter_misc":{"Written by":"C\u00e8dre et Rondins","Est. reading time":"2 minutes"},"schema":{"@context":"https:\/\/schema.org","@graph":[{"@type":"Article","@id":"https:\/\/www.cedreetrondins.com\/en\/they-trust-us\/bois-vert-camping\/#article","isPartOf":{"@id":"https:\/\/www.cedreetrondins.com\/en\/they-trust-us\/bois-vert-camping\/"},"author":{"name":"C\u00e8dre et Rondins","@id":"https:\/\/www.cedreetrondins.com\/#\/schema\/person\/078d3129e67c9b3ccfb4d6b474b19503"},"headline":"Bois Vert Camping 2** in Carentoir","datePublished":"2023-02-23T09:44:07+00:00","dateModified":"2023-03-23T16:36:59+00:00","mainEntityOfPage":{"@id":"https:\/\/www.cedreetrondins.com\/en\/they-trust-us\/bois-vert-camping\/"},"wordCount":59,"publisher":{"@id":"https:\/\/www.cedreetrondins.com\/#organization"},"image":{"@id":"https:\/\/www.cedreetrondins.com\/en\/they-trust-us\/bois-vert-camping\/#primaryimage"},"thumbnailUrl":"https:\/\/www.cedreetrondins.com\/wp-content\/uploads\/2020\/06\/camping-le-chassezac-e1679650627135.jpg","articleSection":["They trust us"],"inLanguage":"en-US"},{"@type":"WebPage","@id":"https:\/\/www.cedreetrondins.com\/en\/they-trust-us\/bois-vert-camping\/","url":"https:\/\/www.cedreetrondins.com\/en\/they-trust-us\/bois-vert-camping\/","name":"Bois Vert Camping 2** in Carentoir - C\u00e8dre &amp; Rondins","isPartOf":{"@id":"https:\/\/www.cedreetrondins.com\/#website"},"primaryImageOfPage":{"@id":"https:\/\/www.cedreetrondins.com\/en\/they-trust-us\/bois-vert-camping\/#primaryimage"},"image":{"@id":"https:\/\/www.cedreetrondins.com\/en\/they-trust-us\/bois-vert-camping\/#primaryimage"},"thumbnailUrl":"https:\/\/www.cedreetrondins.com\/wp-content\/uploads\/2020\/06\/camping-le-chassezac-e1679650627135.jpg","datePublished":"2023-02-23T09:44:07+00:00","dateModified":"2023-03-23T16:36:59+00:00","description":"The Bois Vert camping in Carentoir has chosen to furnish their spaces with C\u00e8dre & Rondins wooden furniture","breadcrumb":{"@id":"https:\/\/www.cedreetrondins.com\/en\/they-trust-us\/bois-vert-camping\/#breadcrumb"},"inLanguage":"en-US","potentialAction":[{"@type":"ReadAction","target":["https:\/\/www.cedreetrondins.com\/en\/they-trust-us\/bois-vert-camping\/"]}]},{"@type":"ImageObject","inLanguage":"en-US","@id":"https:\/\/www.cedreetrondins.com\/en\/they-trust-us\/bois-vert-camping\/#primaryimage","url":"https:\/\/www.cedreetrondins.com\/wp-content\/uploads\/2020\/06\/camping-le-chassezac-e1679650627135.jpg","contentUrl":"https:\/\/www.cedreetrondins.com\/wp-content\/uploads\/2020\/06\/camping-le-chassezac-e1679650627135.jpg","width":200,"height":200,"caption":"camping du bois vert carentoir"},{"@type":"BreadcrumbList","@id":"https:\/\/www.cedreetrondins.com\/en\/they-trust-us\/bois-vert-camping\/#breadcrumb","itemListElement":[{"@type":"ListItem","position":1,"name":"Home","item":"https:\/\/www.cedreetrondins.com\/"},{"@type":"ListItem","position":2,"name":"Nos garanties","item":"https:\/\/www.cedreetrondins.com\/category\/nos-garanties\/"},{"@type":"ListItem","position":3,"name":"Ils nous font confiance","item":"https:\/\/www.cedreetrondins.com\/category\/nos-garanties\/ils-nous-font-confiance\/"},{"@type":"ListItem","position":4,"name":"Bois Vert Camping 2** in Carentoir"}]},{"@type":"WebSite","@id":"https:\/\/www.cedreetrondins.com\/#website","url":"https:\/\/www.cedreetrondins.com\/","name":"C\u00e8dre &amp; Rondins","description":"Mobilier en bois naturel","publisher":{"@id":"https:\/\/www.cedreetrondins.com\/#organization"},"potentialAction":[{"@type":"SearchAction","target":{"@type":"EntryPoint","urlTemplate":"https:\/\/www.cedreetrondins.com\/?s={search_term_string}"},"query-input":{"@type":"PropertyValueSpecification","valueRequired":true,"valueName":"search_term_string"}}],"inLanguage":"en-US"},{"@type":"Organization","@id":"https:\/\/www.cedreetrondins.com\/#organization","name":"C\u00e8dre &amp; Rondins","url":"https:\/\/www.cedreetrondins.com\/","logo":{"@type":"ImageObject","inLanguage":"en-US","@id":"https:\/\/www.cedreetrondins.com\/#\/schema\/logo\/image\/","url":"https:\/\/www.cedreetrondins.com\/wp-content\/uploads\/2025\/01\/cropped-logo-cedre-et-rondins-2025-le-canada-sinvite-chez-vous-1.png","contentUrl":"https:\/\/www.cedreetrondins.com\/wp-content\/uploads\/2025\/01\/cropped-logo-cedre-et-rondins-2025-le-canada-sinvite-chez-vous-1.png","width":240,"height":138,"caption":"C\u00e8dre &amp; Rondins"},"image":{"@id":"https:\/\/www.cedreetrondins.com\/#\/schema\/logo\/image\/"}},{"@type":"Person","@id":"https:\/\/www.cedreetrondins.com\/#\/schema\/person\/078d3129e67c9b3ccfb4d6b474b19503","name":"C\u00e8dre et Rondins","image":{"@type":"ImageObject","inLanguage":"en-US","@id":"https:\/\/secure.gravatar.com\/avatar\/4679403e0ee5afa283b5a39dc053f8d5a455bc4ad44fe2c518c38bbe3e476d98?s=96&d=mm&r=g","url":"https:\/\/secure.gravatar.com\/avatar\/4679403e0ee5afa283b5a39dc053f8d5a455bc4ad44fe2c518c38bbe3e476d98?s=96&d=mm&r=g","contentUrl":"https:\/\/secure.gravatar.com\/avatar\/4679403e0ee5afa283b5a39dc053f8d5a455bc4ad44fe2c518c38bbe3e476d98?s=96&d=mm&r=g","caption":"C\u00e8dre et Rondins"},"description":"C\u00e8dre &amp; Rondins, entreprise Fran\u00e7aise, vous propose une collection compl\u00e8te de mobilier en bois massif, 100% C\u00e8dre Blanc du Canada, pour l'am\u00e9nagement de vos espaces ext\u00e9rieurs ET int\u00e9rieurs. Le c\u00e8dre blanc est un bois tr\u00e8s durable - Norme EN350 - non trait\u00e9 mais imputrescible vous garantissant un investissement durable sur le long terme et une satisfaction d'usage. Sa certification Rainforest Alliance vous assure une d\u00e9marche \u00e9co-responsable. D\u00e9couvrez la gamme Rondins et la gamme Adirondack. Ce mobilier original vous permet de cr\u00e9er des ambiances harmonieuses et chaleureuses en associant selon vos choix les fauteuils, canap\u00e9s, tables basses, bancs, tables repas, mobilier de bar et Adirondack, etc ... Stock en France Livraison GRATUITE en France m\u00e9tropolitaine - hors Corse Le C\u00e8dre Blanc, Un Choix tout Naturel !","sameAs":["https:\/\/www.cedreetrondins.com\/","https:\/\/www.facebook.com\/CEDREETRONDINS\/","https:\/\/www.instagram.com\/cedre.et.rondins\/","https:\/\/www.linkedin.com\/company\/cdre-rondins\/?viewAsMember=true","https:\/\/www.pinterest.fr\/cedreetrondins\/"]}]}},"_links":{"self":[{"href":"https:\/\/www.cedreetrondins.com\/en\/wp-json\/wp\/v2\/posts\/16942","targetHints":{"allow":["GET"]}}],"collection":[{"href":"https:\/\/www.cedreetrondins.com\/en\/wp-json\/wp\/v2\/posts"}],"about":[{"href":"https:\/\/www.cedreetrondins.com\/en\/wp-json\/wp\/v2\/types\/post"}],"author":[{"embeddable":true,"href":"https:\/\/www.cedreetrondins.com\/en\/wp-json\/wp\/v2\/users\/2"}],"replies":[{"embeddable":true,"href":"https:\/\/www.cedreetrondins.com\/en\/wp-json\/wp\/v2\/comments?post=16942"}],"version-history":[{"count":0,"href":"https:\/\/www.cedreetrondins.com\/en\/wp-json\/wp\/v2\/posts\/16942\/revisions"}],"wp:featuredmedia":[{"embeddable":true,"href":"https:\/\/www.cedreetrondins.com\/en\/wp-json\/wp\/v2\/media\/17077"}],"wp:attachment":[{"href":"https:\/\/www.cedreetrondins.com\/en\/wp-json\/wp\/v2\/media?parent=16942"}],"wp:term":[{"taxonomy":"category","embeddable":true,"href":"https:\/\/www.cedreetrondins.com\/en\/wp-json\/wp\/v2\/categories?post=16942"},{"taxonomy":"post_tag","embeddable":true,"href":"https:\/\/www.cedreetrondins.com\/en\/wp-json\/wp\/v2\/tags?post=16942"}],"curies":[{"name":"wp","href":"https:\/\/api.w.org\/{rel}","templated":true}]}}