{"id":16936,"date":"2023-03-23T09:02:19","date_gmt":"2023-03-23T08:02:19","guid":{"rendered":"https:\/\/www.cedreetrondins.com\/?p=16936"},"modified":"2023-03-23T15:26:12","modified_gmt":"2023-03-23T14:26:12","slug":"un-matin-de-mai-bed-and-breakfast","status":"publish","type":"post","link":"https:\/\/www.cedreetrondins.com\/en\/they-trust-us\/un-matin-de-mai-bed-and-breakfast\/","title":{"rendered":"Un Matin de Mai Bed and Breakfast"},"content":{"rendered":"<div id=\"stacks_out_1155_page0\" class=\"stacks_out\">\n<div id=\"stacks_in_1155_page0\" class=\"stacks_in text_stack\">\n<h2>Un Matin de Mai Bed and Breakfast in Pas de Calais in Verlincthun (62830)<\/h2>\n<h2>Calme et charme infini \u00e0 proximit\u00e9 des plages \u2026<\/h2>\n<\/div>\n<\/div>\n<p><!--more--><\/p>\n<div>\n<p><strong>Un matin de Mai Bed and Breakfast<\/strong> is ideally placed to discover the tourist assets of the C\u00f4te d&#8217;Opale.<\/p>\n<p>The house is located halfway between Boulogne-sur-Mer and Le Touquet and only 10 minutes from the very pretty seaside resort of Hardelot where you can enjoy its huge fine sandy beach, its magnificent pine forest and of its golf courses.<\/p>\n<p>You can also organize a short getaway to the historic city of Montreuil-sur-Mer located 20 minutes away and let yourself be charmed by the richness of its heritage and its fine gastronomic addresses.<\/p>\n<\/div>\n<p><a href=\"https:\/\/www.cedreetrondins.com\/wp-content\/uploads\/2016\/01\/B404A-Chaise-Adirondack-Deluxe-et-table-adirondack-un-matin-de-mai-300x274.jpg\"><img decoding=\"async\" class=\"aligncenter size-medium wp-image-13744\" src=\"https:\/\/www.cedreetrondins.com\/wp-content\/uploads\/2016\/01\/B404A-Chaise-Adirondack-Deluxe-et-table-adirondack-un-matin-de-mai-300x274.jpg\" alt=\"chaise adirondack table adirondack en bois\" width=\"300\" height=\"274\" srcset=\"https:\/\/www.cedreetrondins.com\/wp-content\/uploads\/2016\/01\/B404A-Chaise-Adirondack-Deluxe-et-table-adirondack-un-matin-de-mai-300x274.jpg 300w, https:\/\/www.cedreetrondins.com\/wp-content\/uploads\/2016\/01\/B404A-Chaise-Adirondack-Deluxe-et-table-adirondack-un-matin-de-mai-200x183.jpg 200w, https:\/\/www.cedreetrondins.com\/wp-content\/uploads\/2016\/01\/B404A-Chaise-Adirondack-Deluxe-et-table-adirondack-un-matin-de-mai-24x22.jpg 24w, https:\/\/www.cedreetrondins.com\/wp-content\/uploads\/2016\/01\/B404A-Chaise-Adirondack-Deluxe-et-table-adirondack-un-matin-de-mai-36x33.jpg 36w, https:\/\/www.cedreetrondins.com\/wp-content\/uploads\/2016\/01\/B404A-Chaise-Adirondack-Deluxe-et-table-adirondack-un-matin-de-mai-48x44.jpg 48w, https:\/\/www.cedreetrondins.com\/wp-content\/uploads\/2016\/01\/B404A-Chaise-Adirondack-Deluxe-et-table-adirondack-un-matin-de-mai.jpg 421w\" sizes=\"(max-width: 300px) 100vw, 300px\" \/><\/a><\/p>\n<div>\n<p>&nbsp;<\/p>\n<p class=\"Titre_H3\">Un matin de Mai propose une ravissante Suite avec entr\u00e9e privative, parking ferm\u00e9 par un portail r\u00e9serv\u00e9 aux h\u00f4tes donnant acc\u00e8s \u00e0 la jolie terrasse en bois de la chambre \u00e9quip\u00e9e d&#8217;un salon de jardin.<\/p>\n<\/div>\n<div class=\"col-md-6\"><\/div>\n<div class=\"ce_text_extented block align-center color-default font_no_serif font-size-default font-style-default lh-default font-weight-default mt-default mb-default mt-default-s mt-default-s\">\n<div class=\"ce_textarea attribute textarea\"><\/div>\n<\/div>\n<p style=\"text-align: center;\"><a href=\"https:\/\/www.chambres-hotes.fr\/chambres-hotes_chambre-d-hotes-un-matin-de-mai_verlincthun_75208.htm\" target=\"_blank\" rel=\"noopener noreferrer\"><img decoding=\"async\" class=\"aligncenter wp-image-5678\" src=\"https:\/\/www.cedreetrondins.com\/wp-content\/uploads\/2018\/01\/en-savoir-plus.png\" alt=\"en savoir plus\" width=\"67\" height=\"67\" srcset=\"https:\/\/www.cedreetrondins.com\/wp-content\/uploads\/2018\/01\/en-savoir-plus.png 150w, https:\/\/www.cedreetrondins.com\/wp-content\/uploads\/2018\/01\/en-savoir-plus-100x100.png 100w, https:\/\/www.cedreetrondins.com\/wp-content\/uploads\/2018\/01\/en-savoir-plus-24x24.png 24w, https:\/\/www.cedreetrondins.com\/wp-content\/uploads\/2018\/01\/en-savoir-plus-36x36.png 36w, https:\/\/www.cedreetrondins.com\/wp-content\/uploads\/2018\/01\/en-savoir-plus-48x48.png 48w\" sizes=\"(max-width: 67px) 100vw, 67px\" \/><\/a><\/p>\n<p style=\"text-align: center;\">\n","protected":false},"excerpt":{"rendered":"<p>Un Matin de Mai Bed and Breakfast in Pas de Calais in Verlincthun (62830) Calme et charme infini \u00e0 proximit\u00e9<span class=\"more-dots\">&#8230;<\/span><\/p>\n","protected":false},"author":2,"featured_media":13748,"comment_status":"closed","ping_status":"open","sticky":false,"template":"","format":"standard","meta":{"_acf_changed":false,"footnotes":""},"categories":[444],"tags":[],"class_list":["post-16936","post","type-post","status-publish","format-standard","has-post-thumbnail","hentry","category-they-trust-us"],"acf":[],"yoast_head":"<!-- This site is optimized with the Yoast SEO plugin v27.5 - https:\/\/yoast.com\/product\/yoast-seo-wordpress\/ -->\n<title>Un Matin de Mai Bed and Breakfast - C\u00e8dre &amp; Rondins<\/title>\n<meta name=\"description\" content=\"Un matin de Mai Bed and Breakfast in Pas de Calais has chosen Adirondack Cedar &amp; Logs chairs for the garden\" \/>\n<meta name=\"robots\" content=\"index, follow, max-snippet:-1, max-image-preview:large, max-video-preview:-1\" \/>\n<link rel=\"canonical\" href=\"https:\/\/www.cedreetrondins.com\/en\/they-trust-us\/un-matin-de-mai-bed-and-breakfast\/\" \/>\n<meta property=\"og:locale\" content=\"en_US\" \/>\n<meta property=\"og:type\" content=\"article\" \/>\n<meta property=\"og:title\" content=\"Un Matin de Mai Bed and Breakfast - C\u00e8dre &amp; Rondins\" \/>\n<meta property=\"og:description\" content=\"Un matin de Mai Bed and Breakfast in Pas de Calais has chosen Adirondack Cedar &amp; Logs chairs for the garden\" \/>\n<meta property=\"og:url\" content=\"https:\/\/www.cedreetrondins.com\/en\/they-trust-us\/un-matin-de-mai-bed-and-breakfast\/\" \/>\n<meta property=\"og:site_name\" content=\"C\u00e8dre &amp; Rondins\" \/>\n<meta property=\"article:author\" content=\"https:\/\/www.facebook.com\/CEDREETRONDINS\/\" \/>\n<meta property=\"article:published_time\" content=\"2023-03-23T08:02:19+00:00\" \/>\n<meta property=\"article:modified_time\" content=\"2023-03-23T14:26:12+00:00\" \/>\n<meta property=\"og:image\" content=\"https:\/\/www.cedreetrondins.com\/wp-content\/uploads\/2022\/06\/un-matin-de-mai-verlincthun-e1679644431540.jpg\" \/>\n\t<meta property=\"og:image:width\" content=\"480\" \/>\n\t<meta property=\"og:image:height\" content=\"480\" \/>\n\t<meta property=\"og:image:type\" content=\"image\/jpeg\" \/>\n<meta name=\"author\" content=\"C\u00e8dre et Rondins\" \/>\n<meta name=\"twitter:card\" content=\"summary_large_image\" \/>\n<meta name=\"twitter:label1\" content=\"Written by\" \/>\n\t<meta name=\"twitter:data1\" content=\"C\u00e8dre et Rondins\" \/>\n\t<meta name=\"twitter:label2\" content=\"Est. reading time\" \/>\n\t<meta name=\"twitter:data2\" content=\"2 minutes\" \/>\n<script type=\"application\/ld+json\" class=\"yoast-schema-graph\">{\"@context\":\"https:\\\/\\\/schema.org\",\"@graph\":[{\"@type\":\"Article\",\"@id\":\"https:\\\/\\\/www.cedreetrondins.com\\\/en\\\/they-trust-us\\\/un-matin-de-mai-bed-and-breakfast\\\/#article\",\"isPartOf\":{\"@id\":\"https:\\\/\\\/www.cedreetrondins.com\\\/en\\\/they-trust-us\\\/un-matin-de-mai-bed-and-breakfast\\\/\"},\"author\":{\"name\":\"C\u00e8dre et Rondins\",\"@id\":\"https:\\\/\\\/www.cedreetrondins.com\\\/#\\\/schema\\\/person\\\/078d3129e67c9b3ccfb4d6b474b19503\"},\"headline\":\"Un Matin de Mai Bed and Breakfast\",\"datePublished\":\"2023-03-23T08:02:19+00:00\",\"dateModified\":\"2023-03-23T14:26:12+00:00\",\"mainEntityOfPage\":{\"@id\":\"https:\\\/\\\/www.cedreetrondins.com\\\/en\\\/they-trust-us\\\/un-matin-de-mai-bed-and-breakfast\\\/\"},\"wordCount\":158,\"publisher\":{\"@id\":\"https:\\\/\\\/www.cedreetrondins.com\\\/#organization\"},\"image\":{\"@id\":\"https:\\\/\\\/www.cedreetrondins.com\\\/en\\\/they-trust-us\\\/un-matin-de-mai-bed-and-breakfast\\\/#primaryimage\"},\"thumbnailUrl\":\"https:\\\/\\\/www.cedreetrondins.com\\\/wp-content\\\/uploads\\\/2022\\\/06\\\/un-matin-de-mai-verlincthun-e1679644431540.jpg\",\"articleSection\":[\"They trust us\"],\"inLanguage\":\"en-US\"},{\"@type\":\"WebPage\",\"@id\":\"https:\\\/\\\/www.cedreetrondins.com\\\/en\\\/they-trust-us\\\/un-matin-de-mai-bed-and-breakfast\\\/\",\"url\":\"https:\\\/\\\/www.cedreetrondins.com\\\/en\\\/they-trust-us\\\/un-matin-de-mai-bed-and-breakfast\\\/\",\"name\":\"Un Matin de Mai Bed and Breakfast - C\u00e8dre &amp; Rondins\",\"isPartOf\":{\"@id\":\"https:\\\/\\\/www.cedreetrondins.com\\\/#website\"},\"primaryImageOfPage\":{\"@id\":\"https:\\\/\\\/www.cedreetrondins.com\\\/en\\\/they-trust-us\\\/un-matin-de-mai-bed-and-breakfast\\\/#primaryimage\"},\"image\":{\"@id\":\"https:\\\/\\\/www.cedreetrondins.com\\\/en\\\/they-trust-us\\\/un-matin-de-mai-bed-and-breakfast\\\/#primaryimage\"},\"thumbnailUrl\":\"https:\\\/\\\/www.cedreetrondins.com\\\/wp-content\\\/uploads\\\/2022\\\/06\\\/un-matin-de-mai-verlincthun-e1679644431540.jpg\",\"datePublished\":\"2023-03-23T08:02:19+00:00\",\"dateModified\":\"2023-03-23T14:26:12+00:00\",\"description\":\"Un matin de Mai Bed and Breakfast in Pas de Calais has chosen Adirondack Cedar & Logs chairs for the garden\",\"breadcrumb\":{\"@id\":\"https:\\\/\\\/www.cedreetrondins.com\\\/en\\\/they-trust-us\\\/un-matin-de-mai-bed-and-breakfast\\\/#breadcrumb\"},\"inLanguage\":\"en-US\",\"potentialAction\":[{\"@type\":\"ReadAction\",\"target\":[\"https:\\\/\\\/www.cedreetrondins.com\\\/en\\\/they-trust-us\\\/un-matin-de-mai-bed-and-breakfast\\\/\"]}]},{\"@type\":\"ImageObject\",\"inLanguage\":\"en-US\",\"@id\":\"https:\\\/\\\/www.cedreetrondins.com\\\/en\\\/they-trust-us\\\/un-matin-de-mai-bed-and-breakfast\\\/#primaryimage\",\"url\":\"https:\\\/\\\/www.cedreetrondins.com\\\/wp-content\\\/uploads\\\/2022\\\/06\\\/un-matin-de-mai-verlincthun-e1679644431540.jpg\",\"contentUrl\":\"https:\\\/\\\/www.cedreetrondins.com\\\/wp-content\\\/uploads\\\/2022\\\/06\\\/un-matin-de-mai-verlincthun-e1679644431540.jpg\",\"width\":210,\"height\":210,\"caption\":\"un matin de mai verlincthun\"},{\"@type\":\"BreadcrumbList\",\"@id\":\"https:\\\/\\\/www.cedreetrondins.com\\\/en\\\/they-trust-us\\\/un-matin-de-mai-bed-and-breakfast\\\/#breadcrumb\",\"itemListElement\":[{\"@type\":\"ListItem\",\"position\":1,\"name\":\"Home\",\"item\":\"https:\\\/\\\/www.cedreetrondins.com\\\/\"},{\"@type\":\"ListItem\",\"position\":2,\"name\":\"Nos garanties\",\"item\":\"https:\\\/\\\/www.cedreetrondins.com\\\/category\\\/nos-garanties\\\/\"},{\"@type\":\"ListItem\",\"position\":3,\"name\":\"Ils nous font confiance\",\"item\":\"https:\\\/\\\/www.cedreetrondins.com\\\/category\\\/nos-garanties\\\/ils-nous-font-confiance\\\/\"},{\"@type\":\"ListItem\",\"position\":4,\"name\":\"Un Matin de Mai Bed and Breakfast\"}]},{\"@type\":\"WebSite\",\"@id\":\"https:\\\/\\\/www.cedreetrondins.com\\\/#website\",\"url\":\"https:\\\/\\\/www.cedreetrondins.com\\\/\",\"name\":\"C\u00e8dre &amp; Rondins\",\"description\":\"Mobilier en bois naturel\",\"publisher\":{\"@id\":\"https:\\\/\\\/www.cedreetrondins.com\\\/#organization\"},\"potentialAction\":[{\"@type\":\"SearchAction\",\"target\":{\"@type\":\"EntryPoint\",\"urlTemplate\":\"https:\\\/\\\/www.cedreetrondins.com\\\/?s={search_term_string}\"},\"query-input\":{\"@type\":\"PropertyValueSpecification\",\"valueRequired\":true,\"valueName\":\"search_term_string\"}}],\"inLanguage\":\"en-US\"},{\"@type\":\"Organization\",\"@id\":\"https:\\\/\\\/www.cedreetrondins.com\\\/#organization\",\"name\":\"C\u00e8dre &amp; Rondins\",\"url\":\"https:\\\/\\\/www.cedreetrondins.com\\\/\",\"logo\":{\"@type\":\"ImageObject\",\"inLanguage\":\"en-US\",\"@id\":\"https:\\\/\\\/www.cedreetrondins.com\\\/#\\\/schema\\\/logo\\\/image\\\/\",\"url\":\"https:\\\/\\\/www.cedreetrondins.com\\\/wp-content\\\/uploads\\\/2025\\\/01\\\/cropped-logo-cedre-et-rondins-2025-le-canada-sinvite-chez-vous-1.png\",\"contentUrl\":\"https:\\\/\\\/www.cedreetrondins.com\\\/wp-content\\\/uploads\\\/2025\\\/01\\\/cropped-logo-cedre-et-rondins-2025-le-canada-sinvite-chez-vous-1.png\",\"width\":240,\"height\":138,\"caption\":\"C\u00e8dre &amp; Rondins\"},\"image\":{\"@id\":\"https:\\\/\\\/www.cedreetrondins.com\\\/#\\\/schema\\\/logo\\\/image\\\/\"}},{\"@type\":\"Person\",\"@id\":\"https:\\\/\\\/www.cedreetrondins.com\\\/#\\\/schema\\\/person\\\/078d3129e67c9b3ccfb4d6b474b19503\",\"name\":\"C\u00e8dre et Rondins\",\"image\":{\"@type\":\"ImageObject\",\"inLanguage\":\"en-US\",\"@id\":\"https:\\\/\\\/secure.gravatar.com\\\/avatar\\\/4679403e0ee5afa283b5a39dc053f8d5a455bc4ad44fe2c518c38bbe3e476d98?s=96&d=mm&r=g\",\"url\":\"https:\\\/\\\/secure.gravatar.com\\\/avatar\\\/4679403e0ee5afa283b5a39dc053f8d5a455bc4ad44fe2c518c38bbe3e476d98?s=96&d=mm&r=g\",\"contentUrl\":\"https:\\\/\\\/secure.gravatar.com\\\/avatar\\\/4679403e0ee5afa283b5a39dc053f8d5a455bc4ad44fe2c518c38bbe3e476d98?s=96&d=mm&r=g\",\"caption\":\"C\u00e8dre et Rondins\"},\"description\":\"C\u00e8dre &amp; Rondins, entreprise Fran\u00e7aise, vous propose une collection compl\u00e8te de mobilier en bois massif, 100% C\u00e8dre Blanc du Canada, pour l'am\u00e9nagement de vos espaces ext\u00e9rieurs ET int\u00e9rieurs. Le c\u00e8dre blanc est un bois tr\u00e8s durable - Norme EN350 - non trait\u00e9 mais imputrescible vous garantissant un investissement durable sur le long terme et une satisfaction d'usage. Sa certification Rainforest Alliance vous assure une d\u00e9marche \u00e9co-responsable. D\u00e9couvrez la gamme Rondins et la gamme Adirondack. Ce mobilier original vous permet de cr\u00e9er des ambiances harmonieuses et chaleureuses en associant selon vos choix les fauteuils, canap\u00e9s, tables basses, bancs, tables repas, mobilier de bar et Adirondack, etc ... Stock en France Livraison GRATUITE en France m\u00e9tropolitaine - hors Corse Le C\u00e8dre Blanc, Un Choix tout Naturel !\",\"sameAs\":[\"https:\\\/\\\/www.cedreetrondins.com\\\/\",\"https:\\\/\\\/www.facebook.com\\\/CEDREETRONDINS\\\/\",\"https:\\\/\\\/www.instagram.com\\\/cedre.et.rondins\\\/\",\"https:\\\/\\\/www.linkedin.com\\\/company\\\/cdre-rondins\\\/?viewAsMember=true\",\"https:\\\/\\\/www.pinterest.fr\\\/cedreetrondins\\\/\"]}]}<\/script>\n<!-- \/ Yoast SEO plugin. -->","yoast_head_json":{"title":"Un Matin de Mai Bed and Breakfast - C\u00e8dre &amp; Rondins","description":"Un matin de Mai Bed and Breakfast in Pas de Calais has chosen Adirondack Cedar & Logs chairs for the garden","robots":{"index":"index","follow":"follow","max-snippet":"max-snippet:-1","max-image-preview":"max-image-preview:large","max-video-preview":"max-video-preview:-1"},"canonical":"https:\/\/www.cedreetrondins.com\/en\/they-trust-us\/un-matin-de-mai-bed-and-breakfast\/","og_locale":"en_US","og_type":"article","og_title":"Un Matin de Mai Bed and Breakfast - C\u00e8dre &amp; Rondins","og_description":"Un matin de Mai Bed and Breakfast in Pas de Calais has chosen Adirondack Cedar & Logs chairs for the garden","og_url":"https:\/\/www.cedreetrondins.com\/en\/they-trust-us\/un-matin-de-mai-bed-and-breakfast\/","og_site_name":"C\u00e8dre &amp; Rondins","article_author":"https:\/\/www.facebook.com\/CEDREETRONDINS\/","article_published_time":"2023-03-23T08:02:19+00:00","article_modified_time":"2023-03-23T14:26:12+00:00","og_image":[{"width":480,"height":480,"url":"https:\/\/www.cedreetrondins.com\/wp-content\/uploads\/2022\/06\/un-matin-de-mai-verlincthun-e1679644431540.jpg","type":"image\/jpeg"}],"author":"C\u00e8dre et Rondins","twitter_card":"summary_large_image","twitter_misc":{"Written by":"C\u00e8dre et Rondins","Est. reading time":"2 minutes"},"schema":{"@context":"https:\/\/schema.org","@graph":[{"@type":"Article","@id":"https:\/\/www.cedreetrondins.com\/en\/they-trust-us\/un-matin-de-mai-bed-and-breakfast\/#article","isPartOf":{"@id":"https:\/\/www.cedreetrondins.com\/en\/they-trust-us\/un-matin-de-mai-bed-and-breakfast\/"},"author":{"name":"C\u00e8dre et Rondins","@id":"https:\/\/www.cedreetrondins.com\/#\/schema\/person\/078d3129e67c9b3ccfb4d6b474b19503"},"headline":"Un Matin de Mai Bed and Breakfast","datePublished":"2023-03-23T08:02:19+00:00","dateModified":"2023-03-23T14:26:12+00:00","mainEntityOfPage":{"@id":"https:\/\/www.cedreetrondins.com\/en\/they-trust-us\/un-matin-de-mai-bed-and-breakfast\/"},"wordCount":158,"publisher":{"@id":"https:\/\/www.cedreetrondins.com\/#organization"},"image":{"@id":"https:\/\/www.cedreetrondins.com\/en\/they-trust-us\/un-matin-de-mai-bed-and-breakfast\/#primaryimage"},"thumbnailUrl":"https:\/\/www.cedreetrondins.com\/wp-content\/uploads\/2022\/06\/un-matin-de-mai-verlincthun-e1679644431540.jpg","articleSection":["They trust us"],"inLanguage":"en-US"},{"@type":"WebPage","@id":"https:\/\/www.cedreetrondins.com\/en\/they-trust-us\/un-matin-de-mai-bed-and-breakfast\/","url":"https:\/\/www.cedreetrondins.com\/en\/they-trust-us\/un-matin-de-mai-bed-and-breakfast\/","name":"Un Matin de Mai Bed and Breakfast - C\u00e8dre &amp; Rondins","isPartOf":{"@id":"https:\/\/www.cedreetrondins.com\/#website"},"primaryImageOfPage":{"@id":"https:\/\/www.cedreetrondins.com\/en\/they-trust-us\/un-matin-de-mai-bed-and-breakfast\/#primaryimage"},"image":{"@id":"https:\/\/www.cedreetrondins.com\/en\/they-trust-us\/un-matin-de-mai-bed-and-breakfast\/#primaryimage"},"thumbnailUrl":"https:\/\/www.cedreetrondins.com\/wp-content\/uploads\/2022\/06\/un-matin-de-mai-verlincthun-e1679644431540.jpg","datePublished":"2023-03-23T08:02:19+00:00","dateModified":"2023-03-23T14:26:12+00:00","description":"Un matin de Mai Bed and Breakfast in Pas de Calais has chosen Adirondack Cedar & Logs chairs for the garden","breadcrumb":{"@id":"https:\/\/www.cedreetrondins.com\/en\/they-trust-us\/un-matin-de-mai-bed-and-breakfast\/#breadcrumb"},"inLanguage":"en-US","potentialAction":[{"@type":"ReadAction","target":["https:\/\/www.cedreetrondins.com\/en\/they-trust-us\/un-matin-de-mai-bed-and-breakfast\/"]}]},{"@type":"ImageObject","inLanguage":"en-US","@id":"https:\/\/www.cedreetrondins.com\/en\/they-trust-us\/un-matin-de-mai-bed-and-breakfast\/#primaryimage","url":"https:\/\/www.cedreetrondins.com\/wp-content\/uploads\/2022\/06\/un-matin-de-mai-verlincthun-e1679644431540.jpg","contentUrl":"https:\/\/www.cedreetrondins.com\/wp-content\/uploads\/2022\/06\/un-matin-de-mai-verlincthun-e1679644431540.jpg","width":210,"height":210,"caption":"un matin de mai verlincthun"},{"@type":"BreadcrumbList","@id":"https:\/\/www.cedreetrondins.com\/en\/they-trust-us\/un-matin-de-mai-bed-and-breakfast\/#breadcrumb","itemListElement":[{"@type":"ListItem","position":1,"name":"Home","item":"https:\/\/www.cedreetrondins.com\/"},{"@type":"ListItem","position":2,"name":"Nos garanties","item":"https:\/\/www.cedreetrondins.com\/category\/nos-garanties\/"},{"@type":"ListItem","position":3,"name":"Ils nous font confiance","item":"https:\/\/www.cedreetrondins.com\/category\/nos-garanties\/ils-nous-font-confiance\/"},{"@type":"ListItem","position":4,"name":"Un Matin de Mai Bed and Breakfast"}]},{"@type":"WebSite","@id":"https:\/\/www.cedreetrondins.com\/#website","url":"https:\/\/www.cedreetrondins.com\/","name":"C\u00e8dre &amp; Rondins","description":"Mobilier en bois naturel","publisher":{"@id":"https:\/\/www.cedreetrondins.com\/#organization"},"potentialAction":[{"@type":"SearchAction","target":{"@type":"EntryPoint","urlTemplate":"https:\/\/www.cedreetrondins.com\/?s={search_term_string}"},"query-input":{"@type":"PropertyValueSpecification","valueRequired":true,"valueName":"search_term_string"}}],"inLanguage":"en-US"},{"@type":"Organization","@id":"https:\/\/www.cedreetrondins.com\/#organization","name":"C\u00e8dre &amp; Rondins","url":"https:\/\/www.cedreetrondins.com\/","logo":{"@type":"ImageObject","inLanguage":"en-US","@id":"https:\/\/www.cedreetrondins.com\/#\/schema\/logo\/image\/","url":"https:\/\/www.cedreetrondins.com\/wp-content\/uploads\/2025\/01\/cropped-logo-cedre-et-rondins-2025-le-canada-sinvite-chez-vous-1.png","contentUrl":"https:\/\/www.cedreetrondins.com\/wp-content\/uploads\/2025\/01\/cropped-logo-cedre-et-rondins-2025-le-canada-sinvite-chez-vous-1.png","width":240,"height":138,"caption":"C\u00e8dre &amp; Rondins"},"image":{"@id":"https:\/\/www.cedreetrondins.com\/#\/schema\/logo\/image\/"}},{"@type":"Person","@id":"https:\/\/www.cedreetrondins.com\/#\/schema\/person\/078d3129e67c9b3ccfb4d6b474b19503","name":"C\u00e8dre et Rondins","image":{"@type":"ImageObject","inLanguage":"en-US","@id":"https:\/\/secure.gravatar.com\/avatar\/4679403e0ee5afa283b5a39dc053f8d5a455bc4ad44fe2c518c38bbe3e476d98?s=96&d=mm&r=g","url":"https:\/\/secure.gravatar.com\/avatar\/4679403e0ee5afa283b5a39dc053f8d5a455bc4ad44fe2c518c38bbe3e476d98?s=96&d=mm&r=g","contentUrl":"https:\/\/secure.gravatar.com\/avatar\/4679403e0ee5afa283b5a39dc053f8d5a455bc4ad44fe2c518c38bbe3e476d98?s=96&d=mm&r=g","caption":"C\u00e8dre et Rondins"},"description":"C\u00e8dre &amp; Rondins, entreprise Fran\u00e7aise, vous propose une collection compl\u00e8te de mobilier en bois massif, 100% C\u00e8dre Blanc du Canada, pour l'am\u00e9nagement de vos espaces ext\u00e9rieurs ET int\u00e9rieurs. Le c\u00e8dre blanc est un bois tr\u00e8s durable - Norme EN350 - non trait\u00e9 mais imputrescible vous garantissant un investissement durable sur le long terme et une satisfaction d'usage. Sa certification Rainforest Alliance vous assure une d\u00e9marche \u00e9co-responsable. D\u00e9couvrez la gamme Rondins et la gamme Adirondack. Ce mobilier original vous permet de cr\u00e9er des ambiances harmonieuses et chaleureuses en associant selon vos choix les fauteuils, canap\u00e9s, tables basses, bancs, tables repas, mobilier de bar et Adirondack, etc ... Stock en France Livraison GRATUITE en France m\u00e9tropolitaine - hors Corse Le C\u00e8dre Blanc, Un Choix tout Naturel !","sameAs":["https:\/\/www.cedreetrondins.com\/","https:\/\/www.facebook.com\/CEDREETRONDINS\/","https:\/\/www.instagram.com\/cedre.et.rondins\/","https:\/\/www.linkedin.com\/company\/cdre-rondins\/?viewAsMember=true","https:\/\/www.pinterest.fr\/cedreetrondins\/"]}]}},"_links":{"self":[{"href":"https:\/\/www.cedreetrondins.com\/en\/wp-json\/wp\/v2\/posts\/16936","targetHints":{"allow":["GET"]}}],"collection":[{"href":"https:\/\/www.cedreetrondins.com\/en\/wp-json\/wp\/v2\/posts"}],"about":[{"href":"https:\/\/www.cedreetrondins.com\/en\/wp-json\/wp\/v2\/types\/post"}],"author":[{"embeddable":true,"href":"https:\/\/www.cedreetrondins.com\/en\/wp-json\/wp\/v2\/users\/2"}],"replies":[{"embeddable":true,"href":"https:\/\/www.cedreetrondins.com\/en\/wp-json\/wp\/v2\/comments?post=16936"}],"version-history":[{"count":0,"href":"https:\/\/www.cedreetrondins.com\/en\/wp-json\/wp\/v2\/posts\/16936\/revisions"}],"wp:featuredmedia":[{"embeddable":true,"href":"https:\/\/www.cedreetrondins.com\/en\/wp-json\/wp\/v2\/media\/13748"}],"wp:attachment":[{"href":"https:\/\/www.cedreetrondins.com\/en\/wp-json\/wp\/v2\/media?parent=16936"}],"wp:term":[{"taxonomy":"category","embeddable":true,"href":"https:\/\/www.cedreetrondins.com\/en\/wp-json\/wp\/v2\/categories?post=16936"},{"taxonomy":"post_tag","embeddable":true,"href":"https:\/\/www.cedreetrondins.com\/en\/wp-json\/wp\/v2\/tags?post=16936"}],"curies":[{"name":"wp","href":"https:\/\/api.w.org\/{rel}","templated":true}]}}