{"id":16666,"date":"2023-03-03T14:50:18","date_gmt":"2023-03-03T13:50:18","guid":{"rendered":"https:\/\/www.cedreetrondins.com\/?p=16666"},"modified":"2023-03-08T11:35:40","modified_gmt":"2023-03-08T10:35:40","slug":"du-mardi-7-au-jeudi-9-novembre-2023","status":"publish","type":"post","link":"https:\/\/www.cedreetrondins.com\/en\/our-news\/our-events-and-shows\/du-mardi-7-au-jeudi-9-novembre-2023\/","title":{"rendered":"Du Mardi 7 au Jeudi 9 Novembre 2023"},"content":{"rendered":"<h2 style=\"text-align: center;\"><strong>SETT 2023<\/strong><\/h2>\n<p><span style=\"color: #ffffff;\">sett 2023<\/span><\/p>\n<p style=\"text-align: center;\">Salon r\u00e9serv\u00e9 aux Professionnel<\/p>\n<h3 style=\"text-align: center;\">SETT 2023 &#8211; Parc des Expositions de MONTPELLIER (34)<\/h3>\n<h3 style=\"text-align: center;\">du MARDI 7 au JEUDI 9 NOVEMBRE 2023<\/h3>\n<p>&nbsp;<\/p>\n<h3 style=\"text-align: center;\"><span style=\"color: #ff0000;\">C\u00e8dre &amp; Rondins expose <span style=\"text-decoration: underline;\">Hall B3<\/span><\/span><\/h3>\n<p><!--more--><\/p>\n<p><a href=\"https:\/\/www.cedreetrondins.com\/wp-content\/uploads\/2023\/02\/photo-stand-scaled.jpg\"><img decoding=\"async\" class=\"aligncenter wp-image-16273 size-medium\" src=\"https:\/\/www.cedreetrondins.com\/wp-content\/uploads\/2023\/02\/photo-stand-300x225.jpg\" alt=\"sett 2022 stand mobilier cedre et rondins\" width=\"300\" height=\"225\" srcset=\"https:\/\/www.cedreetrondins.com\/wp-content\/uploads\/2023\/02\/photo-stand-300x225.jpg 300w, https:\/\/www.cedreetrondins.com\/wp-content\/uploads\/2023\/02\/photo-stand-scaled-600x450.jpg 600w, https:\/\/www.cedreetrondins.com\/wp-content\/uploads\/2023\/02\/photo-stand-1024x768.jpg 1024w, https:\/\/www.cedreetrondins.com\/wp-content\/uploads\/2023\/02\/photo-stand-768x576.jpg 768w, https:\/\/www.cedreetrondins.com\/wp-content\/uploads\/2023\/02\/photo-stand-1900x1425.jpg 1900w, https:\/\/www.cedreetrondins.com\/wp-content\/uploads\/2023\/02\/photo-stand-200x150.jpg 200w, https:\/\/www.cedreetrondins.com\/wp-content\/uploads\/2023\/02\/photo-stand-1536x1152.jpg 1536w, https:\/\/www.cedreetrondins.com\/wp-content\/uploads\/2023\/02\/photo-stand-2048x1536.jpg 2048w, https:\/\/www.cedreetrondins.com\/wp-content\/uploads\/2023\/02\/photo-stand-1200x900.jpg 1200w, https:\/\/www.cedreetrondins.com\/wp-content\/uploads\/2023\/02\/photo-stand-1320x990.jpg 1320w, https:\/\/www.cedreetrondins.com\/wp-content\/uploads\/2023\/02\/photo-stand-24x18.jpg 24w, https:\/\/www.cedreetrondins.com\/wp-content\/uploads\/2023\/02\/photo-stand-36x27.jpg 36w, https:\/\/www.cedreetrondins.com\/wp-content\/uploads\/2023\/02\/photo-stand-48x36.jpg 48w\" sizes=\"(max-width: 300px) 100vw, 300px\" \/><\/a><\/p>\n<p>&nbsp;<\/p>\n<h2 style=\"text-align: center;\">Entr\u00e9e GRATUITE<\/h2>\n<h2 style=\"text-align: center;\">Badges d&#8217;acc\u00e8s sur <a href=\"http:\/\/www.salonsett.com\/fr\/\" target=\"_blank\" rel=\"noopener\">www.salonsett.com<\/a><\/h2>\n<p>&nbsp;<\/p>\n<p style=\"text-align: left;\"><a href=\"http:\/\/www.salonsett.com\/fr\/\" target=\"_blank\" rel=\"noopener noreferrer\"><img decoding=\"async\" class=\"aligncenter wp-image-253\" src=\"https:\/\/www.cedreetrondins.com\/wp-content\/uploads\/2017\/08\/en-savoir-plus.png\" alt=\"en savoir plus c\u00e8dre &amp; rondins\" width=\"71\" height=\"71\" srcset=\"https:\/\/www.cedreetrondins.com\/wp-content\/uploads\/2017\/08\/en-savoir-plus.png 150w, https:\/\/www.cedreetrondins.com\/wp-content\/uploads\/2017\/08\/en-savoir-plus-100x100.png 100w, https:\/\/www.cedreetrondins.com\/wp-content\/uploads\/2017\/08\/en-savoir-plus-24x24.png 24w, https:\/\/www.cedreetrondins.com\/wp-content\/uploads\/2017\/08\/en-savoir-plus-36x36.png 36w, https:\/\/www.cedreetrondins.com\/wp-content\/uploads\/2017\/08\/en-savoir-plus-48x48.png 48w\" sizes=\"(max-width: 71px) 100vw, 71px\" \/><\/a><\/p>\n<p>&nbsp;<\/p>\n","protected":false},"excerpt":{"rendered":"<p>SETT 2023 sett 2023 Salon r\u00e9serv\u00e9 aux Professionnel SETT 2023 &#8211; Parc des Expositions de MONTPELLIER (34) du MARDI 7<span class=\"more-dots\">&#8230;<\/span><\/p>\n","protected":false},"author":2,"featured_media":21937,"comment_status":"closed","ping_status":"open","sticky":false,"template":"","format":"standard","meta":{"_acf_changed":false,"footnotes":""},"categories":[244],"tags":[],"class_list":["post-16666","post","type-post","status-publish","format-standard","has-post-thumbnail","hentry","category-our-events-and-shows"],"acf":[],"yoast_head":"<!-- This site is optimized with the Yoast SEO plugin v27.5 - https:\/\/yoast.com\/product\/yoast-seo-wordpress\/ -->\n<title>Du Mardi 7 au Jeudi 9 Novembre 2023 - C\u00e8dre &amp; Rondins<\/title>\n<meta name=\"robots\" content=\"index, follow, max-snippet:-1, max-image-preview:large, max-video-preview:-1\" \/>\n<link rel=\"canonical\" href=\"https:\/\/www.cedreetrondins.com\/en\/our-news\/our-events-and-shows\/du-mardi-7-au-jeudi-9-novembre-2023\/\" \/>\n<meta property=\"og:locale\" content=\"en_US\" \/>\n<meta property=\"og:type\" content=\"article\" \/>\n<meta property=\"og:title\" content=\"Du Mardi 7 au Jeudi 9 Novembre 2023 - C\u00e8dre &amp; Rondins\" \/>\n<meta property=\"og:description\" content=\"SETT 2023 sett 2023 Salon r\u00e9serv\u00e9 aux Professionnel SETT 2023 &#8211; Parc des Expositions de MONTPELLIER (34) du MARDI 7...\" \/>\n<meta property=\"og:url\" content=\"https:\/\/www.cedreetrondins.com\/en\/our-news\/our-events-and-shows\/du-mardi-7-au-jeudi-9-novembre-2023\/\" \/>\n<meta property=\"og:site_name\" content=\"C\u00e8dre &amp; Rondins\" \/>\n<meta property=\"article:author\" content=\"https:\/\/www.facebook.com\/CEDREETRONDINS\/\" \/>\n<meta property=\"article:published_time\" content=\"2023-03-03T13:50:18+00:00\" \/>\n<meta property=\"article:modified_time\" content=\"2023-03-08T10:35:40+00:00\" \/>\n<meta property=\"og:image\" content=\"https:\/\/www.cedreetrondins.com\/wp-content\/uploads\/2023\/08\/SETT-2024.jpeg\" \/>\n\t<meta property=\"og:image:width\" content=\"310\" \/>\n\t<meta property=\"og:image:height\" content=\"163\" \/>\n\t<meta property=\"og:image:type\" content=\"image\/jpeg\" \/>\n<meta name=\"author\" content=\"C\u00e8dre et Rondins\" \/>\n<meta name=\"twitter:card\" content=\"summary_large_image\" \/>\n<meta name=\"twitter:label1\" content=\"Written by\" \/>\n\t<meta name=\"twitter:data1\" content=\"C\u00e8dre et Rondins\" \/>\n\t<meta name=\"twitter:label2\" content=\"Est. reading time\" \/>\n\t<meta name=\"twitter:data2\" content=\"1 minute\" \/>\n<script type=\"application\/ld+json\" class=\"yoast-schema-graph\">{\"@context\":\"https:\\\/\\\/schema.org\",\"@graph\":[{\"@type\":\"Article\",\"@id\":\"https:\\\/\\\/www.cedreetrondins.com\\\/en\\\/our-news\\\/our-events-and-shows\\\/du-mardi-7-au-jeudi-9-novembre-2023\\\/#article\",\"isPartOf\":{\"@id\":\"https:\\\/\\\/www.cedreetrondins.com\\\/en\\\/our-news\\\/our-events-and-shows\\\/du-mardi-7-au-jeudi-9-novembre-2023\\\/\"},\"author\":{\"name\":\"C\u00e8dre et Rondins\",\"@id\":\"https:\\\/\\\/www.cedreetrondins.com\\\/#\\\/schema\\\/person\\\/078d3129e67c9b3ccfb4d6b474b19503\"},\"headline\":\"Du Mardi 7 au Jeudi 9 Novembre 2023\",\"datePublished\":\"2023-03-03T13:50:18+00:00\",\"dateModified\":\"2023-03-08T10:35:40+00:00\",\"mainEntityOfPage\":{\"@id\":\"https:\\\/\\\/www.cedreetrondins.com\\\/en\\\/our-news\\\/our-events-and-shows\\\/du-mardi-7-au-jeudi-9-novembre-2023\\\/\"},\"wordCount\":45,\"publisher\":{\"@id\":\"https:\\\/\\\/www.cedreetrondins.com\\\/#organization\"},\"image\":{\"@id\":\"https:\\\/\\\/www.cedreetrondins.com\\\/en\\\/our-news\\\/our-events-and-shows\\\/du-mardi-7-au-jeudi-9-novembre-2023\\\/#primaryimage\"},\"thumbnailUrl\":\"https:\\\/\\\/www.cedreetrondins.com\\\/wp-content\\\/uploads\\\/2023\\\/08\\\/SETT-2024.jpeg\",\"articleSection\":[\"Our Events &amp; Shows\"],\"inLanguage\":\"en-US\"},{\"@type\":\"WebPage\",\"@id\":\"https:\\\/\\\/www.cedreetrondins.com\\\/en\\\/our-news\\\/our-events-and-shows\\\/du-mardi-7-au-jeudi-9-novembre-2023\\\/\",\"url\":\"https:\\\/\\\/www.cedreetrondins.com\\\/en\\\/our-news\\\/our-events-and-shows\\\/du-mardi-7-au-jeudi-9-novembre-2023\\\/\",\"name\":\"Du Mardi 7 au Jeudi 9 Novembre 2023 - C\u00e8dre &amp; Rondins\",\"isPartOf\":{\"@id\":\"https:\\\/\\\/www.cedreetrondins.com\\\/#website\"},\"primaryImageOfPage\":{\"@id\":\"https:\\\/\\\/www.cedreetrondins.com\\\/en\\\/our-news\\\/our-events-and-shows\\\/du-mardi-7-au-jeudi-9-novembre-2023\\\/#primaryimage\"},\"image\":{\"@id\":\"https:\\\/\\\/www.cedreetrondins.com\\\/en\\\/our-news\\\/our-events-and-shows\\\/du-mardi-7-au-jeudi-9-novembre-2023\\\/#primaryimage\"},\"thumbnailUrl\":\"https:\\\/\\\/www.cedreetrondins.com\\\/wp-content\\\/uploads\\\/2023\\\/08\\\/SETT-2024.jpeg\",\"datePublished\":\"2023-03-03T13:50:18+00:00\",\"dateModified\":\"2023-03-08T10:35:40+00:00\",\"breadcrumb\":{\"@id\":\"https:\\\/\\\/www.cedreetrondins.com\\\/en\\\/our-news\\\/our-events-and-shows\\\/du-mardi-7-au-jeudi-9-novembre-2023\\\/#breadcrumb\"},\"inLanguage\":\"en-US\",\"potentialAction\":[{\"@type\":\"ReadAction\",\"target\":[\"https:\\\/\\\/www.cedreetrondins.com\\\/en\\\/our-news\\\/our-events-and-shows\\\/du-mardi-7-au-jeudi-9-novembre-2023\\\/\"]}]},{\"@type\":\"ImageObject\",\"inLanguage\":\"en-US\",\"@id\":\"https:\\\/\\\/www.cedreetrondins.com\\\/en\\\/our-news\\\/our-events-and-shows\\\/du-mardi-7-au-jeudi-9-novembre-2023\\\/#primaryimage\",\"url\":\"https:\\\/\\\/www.cedreetrondins.com\\\/wp-content\\\/uploads\\\/2023\\\/08\\\/SETT-2024.jpeg\",\"contentUrl\":\"https:\\\/\\\/www.cedreetrondins.com\\\/wp-content\\\/uploads\\\/2023\\\/08\\\/SETT-2024.jpeg\",\"width\":310,\"height\":163},{\"@type\":\"BreadcrumbList\",\"@id\":\"https:\\\/\\\/www.cedreetrondins.com\\\/en\\\/our-news\\\/our-events-and-shows\\\/du-mardi-7-au-jeudi-9-novembre-2023\\\/#breadcrumb\",\"itemListElement\":[{\"@type\":\"ListItem\",\"position\":1,\"name\":\"Home\",\"item\":\"https:\\\/\\\/www.cedreetrondins.com\\\/\"},{\"@type\":\"ListItem\",\"position\":2,\"name\":\"Nos actus\",\"item\":\"https:\\\/\\\/www.cedreetrondins.com\\\/category\\\/nos-actus\\\/\"},{\"@type\":\"ListItem\",\"position\":3,\"name\":\"Nos salons et foires\",\"item\":\"https:\\\/\\\/www.cedreetrondins.com\\\/category\\\/nos-actus\\\/nos-salons-et-foires\\\/\"},{\"@type\":\"ListItem\",\"position\":4,\"name\":\"Du Mardi 7 au Jeudi 9 Novembre 2023\"}]},{\"@type\":\"WebSite\",\"@id\":\"https:\\\/\\\/www.cedreetrondins.com\\\/#website\",\"url\":\"https:\\\/\\\/www.cedreetrondins.com\\\/\",\"name\":\"C\u00e8dre &amp; Rondins\",\"description\":\"Mobilier en bois naturel\",\"publisher\":{\"@id\":\"https:\\\/\\\/www.cedreetrondins.com\\\/#organization\"},\"potentialAction\":[{\"@type\":\"SearchAction\",\"target\":{\"@type\":\"EntryPoint\",\"urlTemplate\":\"https:\\\/\\\/www.cedreetrondins.com\\\/?s={search_term_string}\"},\"query-input\":{\"@type\":\"PropertyValueSpecification\",\"valueRequired\":true,\"valueName\":\"search_term_string\"}}],\"inLanguage\":\"en-US\"},{\"@type\":\"Organization\",\"@id\":\"https:\\\/\\\/www.cedreetrondins.com\\\/#organization\",\"name\":\"C\u00e8dre &amp; Rondins\",\"url\":\"https:\\\/\\\/www.cedreetrondins.com\\\/\",\"logo\":{\"@type\":\"ImageObject\",\"inLanguage\":\"en-US\",\"@id\":\"https:\\\/\\\/www.cedreetrondins.com\\\/#\\\/schema\\\/logo\\\/image\\\/\",\"url\":\"https:\\\/\\\/www.cedreetrondins.com\\\/wp-content\\\/uploads\\\/2025\\\/01\\\/cropped-logo-cedre-et-rondins-2025-le-canada-sinvite-chez-vous-1.png\",\"contentUrl\":\"https:\\\/\\\/www.cedreetrondins.com\\\/wp-content\\\/uploads\\\/2025\\\/01\\\/cropped-logo-cedre-et-rondins-2025-le-canada-sinvite-chez-vous-1.png\",\"width\":240,\"height\":138,\"caption\":\"C\u00e8dre &amp; Rondins\"},\"image\":{\"@id\":\"https:\\\/\\\/www.cedreetrondins.com\\\/#\\\/schema\\\/logo\\\/image\\\/\"}},{\"@type\":\"Person\",\"@id\":\"https:\\\/\\\/www.cedreetrondins.com\\\/#\\\/schema\\\/person\\\/078d3129e67c9b3ccfb4d6b474b19503\",\"name\":\"C\u00e8dre et Rondins\",\"image\":{\"@type\":\"ImageObject\",\"inLanguage\":\"en-US\",\"@id\":\"https:\\\/\\\/secure.gravatar.com\\\/avatar\\\/4679403e0ee5afa283b5a39dc053f8d5a455bc4ad44fe2c518c38bbe3e476d98?s=96&d=mm&r=g\",\"url\":\"https:\\\/\\\/secure.gravatar.com\\\/avatar\\\/4679403e0ee5afa283b5a39dc053f8d5a455bc4ad44fe2c518c38bbe3e476d98?s=96&d=mm&r=g\",\"contentUrl\":\"https:\\\/\\\/secure.gravatar.com\\\/avatar\\\/4679403e0ee5afa283b5a39dc053f8d5a455bc4ad44fe2c518c38bbe3e476d98?s=96&d=mm&r=g\",\"caption\":\"C\u00e8dre et Rondins\"},\"description\":\"C\u00e8dre &amp; Rondins, entreprise Fran\u00e7aise, vous propose une collection compl\u00e8te de mobilier en bois massif, 100% C\u00e8dre Blanc du Canada, pour l'am\u00e9nagement de vos espaces ext\u00e9rieurs ET int\u00e9rieurs. Le c\u00e8dre blanc est un bois tr\u00e8s durable - Norme EN350 - non trait\u00e9 mais imputrescible vous garantissant un investissement durable sur le long terme et une satisfaction d'usage. Sa certification Rainforest Alliance vous assure une d\u00e9marche \u00e9co-responsable. D\u00e9couvrez la gamme Rondins et la gamme Adirondack. Ce mobilier original vous permet de cr\u00e9er des ambiances harmonieuses et chaleureuses en associant selon vos choix les fauteuils, canap\u00e9s, tables basses, bancs, tables repas, mobilier de bar et Adirondack, etc ... Stock en France Livraison GRATUITE en France m\u00e9tropolitaine - hors Corse Le C\u00e8dre Blanc, Un Choix tout Naturel !\",\"sameAs\":[\"https:\\\/\\\/www.cedreetrondins.com\\\/\",\"https:\\\/\\\/www.facebook.com\\\/CEDREETRONDINS\\\/\",\"https:\\\/\\\/www.instagram.com\\\/cedre.et.rondins\\\/\",\"https:\\\/\\\/www.linkedin.com\\\/company\\\/cdre-rondins\\\/?viewAsMember=true\",\"https:\\\/\\\/www.pinterest.fr\\\/cedreetrondins\\\/\"]}]}<\/script>\n<!-- \/ Yoast SEO plugin. -->","yoast_head_json":{"title":"Du Mardi 7 au Jeudi 9 Novembre 2023 - C\u00e8dre &amp; Rondins","robots":{"index":"index","follow":"follow","max-snippet":"max-snippet:-1","max-image-preview":"max-image-preview:large","max-video-preview":"max-video-preview:-1"},"canonical":"https:\/\/www.cedreetrondins.com\/en\/our-news\/our-events-and-shows\/du-mardi-7-au-jeudi-9-novembre-2023\/","og_locale":"en_US","og_type":"article","og_title":"Du Mardi 7 au Jeudi 9 Novembre 2023 - C\u00e8dre &amp; Rondins","og_description":"SETT 2023 sett 2023 Salon r\u00e9serv\u00e9 aux Professionnel SETT 2023 &#8211; Parc des Expositions de MONTPELLIER (34) du MARDI 7...","og_url":"https:\/\/www.cedreetrondins.com\/en\/our-news\/our-events-and-shows\/du-mardi-7-au-jeudi-9-novembre-2023\/","og_site_name":"C\u00e8dre &amp; Rondins","article_author":"https:\/\/www.facebook.com\/CEDREETRONDINS\/","article_published_time":"2023-03-03T13:50:18+00:00","article_modified_time":"2023-03-08T10:35:40+00:00","og_image":[{"width":310,"height":163,"url":"https:\/\/www.cedreetrondins.com\/wp-content\/uploads\/2023\/08\/SETT-2024.jpeg","type":"image\/jpeg"}],"author":"C\u00e8dre et Rondins","twitter_card":"summary_large_image","twitter_misc":{"Written by":"C\u00e8dre et Rondins","Est. reading time":"1 minute"},"schema":{"@context":"https:\/\/schema.org","@graph":[{"@type":"Article","@id":"https:\/\/www.cedreetrondins.com\/en\/our-news\/our-events-and-shows\/du-mardi-7-au-jeudi-9-novembre-2023\/#article","isPartOf":{"@id":"https:\/\/www.cedreetrondins.com\/en\/our-news\/our-events-and-shows\/du-mardi-7-au-jeudi-9-novembre-2023\/"},"author":{"name":"C\u00e8dre et Rondins","@id":"https:\/\/www.cedreetrondins.com\/#\/schema\/person\/078d3129e67c9b3ccfb4d6b474b19503"},"headline":"Du Mardi 7 au Jeudi 9 Novembre 2023","datePublished":"2023-03-03T13:50:18+00:00","dateModified":"2023-03-08T10:35:40+00:00","mainEntityOfPage":{"@id":"https:\/\/www.cedreetrondins.com\/en\/our-news\/our-events-and-shows\/du-mardi-7-au-jeudi-9-novembre-2023\/"},"wordCount":45,"publisher":{"@id":"https:\/\/www.cedreetrondins.com\/#organization"},"image":{"@id":"https:\/\/www.cedreetrondins.com\/en\/our-news\/our-events-and-shows\/du-mardi-7-au-jeudi-9-novembre-2023\/#primaryimage"},"thumbnailUrl":"https:\/\/www.cedreetrondins.com\/wp-content\/uploads\/2023\/08\/SETT-2024.jpeg","articleSection":["Our Events &amp; Shows"],"inLanguage":"en-US"},{"@type":"WebPage","@id":"https:\/\/www.cedreetrondins.com\/en\/our-news\/our-events-and-shows\/du-mardi-7-au-jeudi-9-novembre-2023\/","url":"https:\/\/www.cedreetrondins.com\/en\/our-news\/our-events-and-shows\/du-mardi-7-au-jeudi-9-novembre-2023\/","name":"Du Mardi 7 au Jeudi 9 Novembre 2023 - C\u00e8dre &amp; Rondins","isPartOf":{"@id":"https:\/\/www.cedreetrondins.com\/#website"},"primaryImageOfPage":{"@id":"https:\/\/www.cedreetrondins.com\/en\/our-news\/our-events-and-shows\/du-mardi-7-au-jeudi-9-novembre-2023\/#primaryimage"},"image":{"@id":"https:\/\/www.cedreetrondins.com\/en\/our-news\/our-events-and-shows\/du-mardi-7-au-jeudi-9-novembre-2023\/#primaryimage"},"thumbnailUrl":"https:\/\/www.cedreetrondins.com\/wp-content\/uploads\/2023\/08\/SETT-2024.jpeg","datePublished":"2023-03-03T13:50:18+00:00","dateModified":"2023-03-08T10:35:40+00:00","breadcrumb":{"@id":"https:\/\/www.cedreetrondins.com\/en\/our-news\/our-events-and-shows\/du-mardi-7-au-jeudi-9-novembre-2023\/#breadcrumb"},"inLanguage":"en-US","potentialAction":[{"@type":"ReadAction","target":["https:\/\/www.cedreetrondins.com\/en\/our-news\/our-events-and-shows\/du-mardi-7-au-jeudi-9-novembre-2023\/"]}]},{"@type":"ImageObject","inLanguage":"en-US","@id":"https:\/\/www.cedreetrondins.com\/en\/our-news\/our-events-and-shows\/du-mardi-7-au-jeudi-9-novembre-2023\/#primaryimage","url":"https:\/\/www.cedreetrondins.com\/wp-content\/uploads\/2023\/08\/SETT-2024.jpeg","contentUrl":"https:\/\/www.cedreetrondins.com\/wp-content\/uploads\/2023\/08\/SETT-2024.jpeg","width":310,"height":163},{"@type":"BreadcrumbList","@id":"https:\/\/www.cedreetrondins.com\/en\/our-news\/our-events-and-shows\/du-mardi-7-au-jeudi-9-novembre-2023\/#breadcrumb","itemListElement":[{"@type":"ListItem","position":1,"name":"Home","item":"https:\/\/www.cedreetrondins.com\/"},{"@type":"ListItem","position":2,"name":"Nos actus","item":"https:\/\/www.cedreetrondins.com\/category\/nos-actus\/"},{"@type":"ListItem","position":3,"name":"Nos salons et foires","item":"https:\/\/www.cedreetrondins.com\/category\/nos-actus\/nos-salons-et-foires\/"},{"@type":"ListItem","position":4,"name":"Du Mardi 7 au Jeudi 9 Novembre 2023"}]},{"@type":"WebSite","@id":"https:\/\/www.cedreetrondins.com\/#website","url":"https:\/\/www.cedreetrondins.com\/","name":"C\u00e8dre &amp; Rondins","description":"Mobilier en bois naturel","publisher":{"@id":"https:\/\/www.cedreetrondins.com\/#organization"},"potentialAction":[{"@type":"SearchAction","target":{"@type":"EntryPoint","urlTemplate":"https:\/\/www.cedreetrondins.com\/?s={search_term_string}"},"query-input":{"@type":"PropertyValueSpecification","valueRequired":true,"valueName":"search_term_string"}}],"inLanguage":"en-US"},{"@type":"Organization","@id":"https:\/\/www.cedreetrondins.com\/#organization","name":"C\u00e8dre &amp; Rondins","url":"https:\/\/www.cedreetrondins.com\/","logo":{"@type":"ImageObject","inLanguage":"en-US","@id":"https:\/\/www.cedreetrondins.com\/#\/schema\/logo\/image\/","url":"https:\/\/www.cedreetrondins.com\/wp-content\/uploads\/2025\/01\/cropped-logo-cedre-et-rondins-2025-le-canada-sinvite-chez-vous-1.png","contentUrl":"https:\/\/www.cedreetrondins.com\/wp-content\/uploads\/2025\/01\/cropped-logo-cedre-et-rondins-2025-le-canada-sinvite-chez-vous-1.png","width":240,"height":138,"caption":"C\u00e8dre &amp; Rondins"},"image":{"@id":"https:\/\/www.cedreetrondins.com\/#\/schema\/logo\/image\/"}},{"@type":"Person","@id":"https:\/\/www.cedreetrondins.com\/#\/schema\/person\/078d3129e67c9b3ccfb4d6b474b19503","name":"C\u00e8dre et Rondins","image":{"@type":"ImageObject","inLanguage":"en-US","@id":"https:\/\/secure.gravatar.com\/avatar\/4679403e0ee5afa283b5a39dc053f8d5a455bc4ad44fe2c518c38bbe3e476d98?s=96&d=mm&r=g","url":"https:\/\/secure.gravatar.com\/avatar\/4679403e0ee5afa283b5a39dc053f8d5a455bc4ad44fe2c518c38bbe3e476d98?s=96&d=mm&r=g","contentUrl":"https:\/\/secure.gravatar.com\/avatar\/4679403e0ee5afa283b5a39dc053f8d5a455bc4ad44fe2c518c38bbe3e476d98?s=96&d=mm&r=g","caption":"C\u00e8dre et Rondins"},"description":"C\u00e8dre &amp; Rondins, entreprise Fran\u00e7aise, vous propose une collection compl\u00e8te de mobilier en bois massif, 100% C\u00e8dre Blanc du Canada, pour l'am\u00e9nagement de vos espaces ext\u00e9rieurs ET int\u00e9rieurs. Le c\u00e8dre blanc est un bois tr\u00e8s durable - Norme EN350 - non trait\u00e9 mais imputrescible vous garantissant un investissement durable sur le long terme et une satisfaction d'usage. Sa certification Rainforest Alliance vous assure une d\u00e9marche \u00e9co-responsable. D\u00e9couvrez la gamme Rondins et la gamme Adirondack. Ce mobilier original vous permet de cr\u00e9er des ambiances harmonieuses et chaleureuses en associant selon vos choix les fauteuils, canap\u00e9s, tables basses, bancs, tables repas, mobilier de bar et Adirondack, etc ... Stock en France Livraison GRATUITE en France m\u00e9tropolitaine - hors Corse Le C\u00e8dre Blanc, Un Choix tout Naturel !","sameAs":["https:\/\/www.cedreetrondins.com\/","https:\/\/www.facebook.com\/CEDREETRONDINS\/","https:\/\/www.instagram.com\/cedre.et.rondins\/","https:\/\/www.linkedin.com\/company\/cdre-rondins\/?viewAsMember=true","https:\/\/www.pinterest.fr\/cedreetrondins\/"]}]}},"_links":{"self":[{"href":"https:\/\/www.cedreetrondins.com\/en\/wp-json\/wp\/v2\/posts\/16666","targetHints":{"allow":["GET"]}}],"collection":[{"href":"https:\/\/www.cedreetrondins.com\/en\/wp-json\/wp\/v2\/posts"}],"about":[{"href":"https:\/\/www.cedreetrondins.com\/en\/wp-json\/wp\/v2\/types\/post"}],"author":[{"embeddable":true,"href":"https:\/\/www.cedreetrondins.com\/en\/wp-json\/wp\/v2\/users\/2"}],"replies":[{"embeddable":true,"href":"https:\/\/www.cedreetrondins.com\/en\/wp-json\/wp\/v2\/comments?post=16666"}],"version-history":[{"count":0,"href":"https:\/\/www.cedreetrondins.com\/en\/wp-json\/wp\/v2\/posts\/16666\/revisions"}],"wp:featuredmedia":[{"embeddable":true,"href":"https:\/\/www.cedreetrondins.com\/en\/wp-json\/wp\/v2\/media\/21937"}],"wp:attachment":[{"href":"https:\/\/www.cedreetrondins.com\/en\/wp-json\/wp\/v2\/media?parent=16666"}],"wp:term":[{"taxonomy":"category","embeddable":true,"href":"https:\/\/www.cedreetrondins.com\/en\/wp-json\/wp\/v2\/categories?post=16666"},{"taxonomy":"post_tag","embeddable":true,"href":"https:\/\/www.cedreetrondins.com\/en\/wp-json\/wp\/v2\/tags?post=16666"}],"curies":[{"name":"wp","href":"https:\/\/api.w.org\/{rel}","templated":true}]}}